{"id":54264,"date":"2017-07-23T13:49:15","date_gmt":"2017-07-23T19:49:15","guid":{"rendered":"http:\/\/sintesis.com.mx\/puebla\/?p=54264"},"modified":"2017-07-23T13:49:15","modified_gmt":"2017-07-23T19:49:15","slug":"priorizan-actualizacion-magisterial","status":"publish","type":"post","link":"https:\/\/sintesis.com.mx\/puebla\/2017\/07\/23\/priorizan-actualizacion-magisterial\/","title":{"rendered":"Priorizan actualizaci\u00f3n magisterial"},"content":{"rendered":"<h4>San Gabriel Chilac.<strong> El\u00a0 presidente de la Comisi\u00f3n de Educaci\u00f3n del Congreso del Estado, Cirilo Salas Hern\u00e1ndez,<\/strong> confi\u00f3 en que a m\u00e1s tardar en la segunda quincena de septiembre se inaugure <strong>el Instituto de Profesionalizaci\u00f3n del Magisterio,<\/strong> a trav\u00e9s del cual se buscar\u00e1 redoblar la capacitaci\u00f3n y\/o actualizaci\u00f3n de los profesores poblanos.<\/h4>\n<p><strong>\u201cMe parece importante que los compa\u00f1eros tengan su espacio propio y si queremos una educaci\u00f3n de calidad tenemos que empezar por los maestros\u201d,<\/strong> consider\u00f3 el legislador al indicar que de ah\u00ed se deber\u00e1 seguir fortaleciendo la infraestructura educativa y la educaci\u00f3n normalista, en cuyo rubro, mencion\u00f3 que el gobernador, Jos\u00e9 <strong>Antonio Gali Fayad,<\/strong> ya hizo compromisos concretos tendientes a ayudar a ocho escuelas normales ubicadas en la entidad.<\/p>\n<p><img loading=\"lazy\" decoding=\"async\" class=\"aligncenter wp-image-54299 size-full\" src=\"http:\/\/sintesis.com.mx\/puebla\/wp-content\/uploads\/2017\/07\/MAESTROS-600x400.jpg\" alt=\"Priorizan actualizaci\u00f3n magisterial\" width=\"600\" height=\"400\" \/><\/p>\n<p><strong>Retos educativos<\/strong><\/p>\n<p><strong>Por otra parte, con relaci\u00f3n a las recientes declaraciones de la titular de la Secretar\u00eda de Educaci\u00f3n P\u00fablica (SEP)<\/strong>, Patricia V\u00e1zquez del Mercado, en el sentido de que tres de cada diez ni\u00f1os en edad escolar no est\u00e1n asistiendo a la escuela y otros est\u00e1n en riesgo de abandonar sus estudios, el entrevistado se\u00f1al\u00f3 que es urgente implementar programas que apoyen la econom\u00eda de las familias para evitar que los peque\u00f1os se vean obligados a trabajar.<\/p>\n<p>Asimismo, dijo que se ha observado principalmente <strong>en las secundarias un aumento en el n\u00famero de casos de adolescentes embarazadas,<\/strong> quienes al final de cuentas desertan por temor, por pena o tambi\u00e9n por falta de recursos econ\u00f3micos.<\/p>\n<p><strong>Ante tal situaci\u00f3n, refiri\u00f3 que se debe hacer todo lo que est\u00e9 al alcance de los poderes Ejecutivo y Legislativo<\/strong> para que las nuevas generaciones tengan oportunidad de ir a la escuela, terminar una profesi\u00f3n y tener un t\u00edtulo que les d\u00e9 certeza laboral y garantice su futuro, sin importar el lugar donde vivan.<\/p>\n","protected":false},"excerpt":{"rendered":"<p>San Gabriel Chilac. El\u00a0 presidente de la Comisi\u00f3n de Educaci\u00f3n del Congreso del Estado, Cirilo Salas Hern\u00e1ndez, confi\u00f3 en que a m\u00e1s tardar en la segunda quincena de septiembre se inaugure el Instituto de Profesionalizaci\u00f3n del Magisterio, a trav\u00e9s del cual se buscar\u00e1 redoblar la capacitaci\u00f3n y\/o actualizaci\u00f3n de los profesores poblanos. \u201cMe parece importante [&hellip;]<\/p>\n","protected":false},"author":18,"featured_media":0,"comment_status":"open","ping_status":"open","sticky":false,"template":"","format":"standard","meta":{"footnotes":""},"categories":[9,3],"tags":[2424,2692,1960,294,216],"yst_prominent_words":[],"class_list":["post-54264","post","type-post","status-publish","format-standard","hentry","category-municipios","category-puebla","tag-cirilo-salas-hernandez","tag-comision-de-educacion","tag-congreso-del-estado","tag-sep","tag-tehuacan"],"_links":{"self":[{"href":"https:\/\/sintesis.com.mx\/puebla\/wp-json\/wp\/v2\/posts\/54264"}],"collection":[{"href":"https:\/\/sintesis.com.mx\/puebla\/wp-json\/wp\/v2\/posts"}],"about":[{"href":"https:\/\/sintesis.com.mx\/puebla\/wp-json\/wp\/v2\/types\/post"}],"author":[{"embeddable":true,"href":"https:\/\/sintesis.com.mx\/puebla\/wp-json\/wp\/v2\/users\/18"}],"replies":[{"embeddable":true,"href":"https:\/\/sintesis.com.mx\/puebla\/wp-json\/wp\/v2\/comments?post=54264"}],"version-history":[{"count":0,"href":"https:\/\/sintesis.com.mx\/puebla\/wp-json\/wp\/v2\/posts\/54264\/revisions"}],"wp:attachment":[{"href":"https:\/\/sintesis.com.mx\/puebla\/wp-json\/wp\/v2\/media?parent=54264"}],"wp:term":[{"taxonomy":"category","embeddable":true,"href":"https:\/\/sintesis.com.mx\/puebla\/wp-json\/wp\/v2\/categories?post=54264"},{"taxonomy":"post_tag","embeddable":true,"href":"https:\/\/sintesis.com.mx\/puebla\/wp-json\/wp\/v2\/tags?post=54264"},{"taxonomy":"yst_prominent_words","embeddable":true,"href":"https:\/\/sintesis.com.mx\/puebla\/wp-json\/wp\/v2\/yst_prominent_words?post=54264"}],"curies":[{"name":"wp","href":"https:\/\/api.w.org\/{rel}","templated":true}]}}