{"id":55911,"date":"2017-08-01T17:48:01","date_gmt":"2017-08-01T23:48:01","guid":{"rendered":"http:\/\/sintesis.com.mx\/puebla\/?p=55911"},"modified":"2017-08-01T17:48:01","modified_gmt":"2017-08-01T23:48:01","slug":"llega-la-feria-del-chile-en-nogada-a-san-pedro-cholula","status":"publish","type":"post","link":"https:\/\/sintesis.com.mx\/puebla\/2017\/08\/01\/llega-la-feria-del-chile-en-nogada-a-san-pedro-cholula\/","title":{"rendered":"Llega la Feria del Chile en Nogada a San Pedro Cholula"},"content":{"rendered":"<p>M\u00e1s de <strong>dos mil Chiles en Nogada<\/strong> se comercializar\u00e1n\u00a0 en la tercera edici\u00f3n de la <strong>Feria del Chile en Nogada,<\/strong> que se llevar\u00e1 a cabo del 4 al 6 de agosto en el municipio de San Pedro Cholula, teniendo como escenario <strong>La Plaza de la Concordia<\/strong><\/p>\n<p><strong>Graciela Herrera Tochomi, sub- titular de turismo<\/strong> en este municipio destac\u00f3 que se encuentran listos para recibir a m\u00e1s de dos mil comensales, quienes podr\u00e1n disfrutar del inigualable sabor de este platillo.<\/p>\n<h5><em><strong>\u00abLa forma de elaborar la receta y el saz\u00f3n son lo que da distinci\u00f3n a cada uno de los platillos, y una de las principales diferencias ser\u00e1n que los ingredientes son tradicionales de la regi\u00f3n, la intenci\u00f3n es promover el consumo local\u00bb.<\/strong><\/em><\/h5>\n<p>Resalt\u00f3 que ser\u00e1n 20 expositores los que se dar\u00e1n cita para comercializar los Chiles en Nogada, en un horario de 11:00 a 21:00 horas, con un costo que va desde los 130 pesos; adem\u00e1s de la venta de este platillo tradicional se contar\u00e1 con presencia de productores de fruta y nuez, quienes en los portales de Cholula pondr\u00e1n a la venta la pera de leche, <strong>manzana panochera<\/strong>, la <strong>nuez de Castilla<\/strong> as\u00ed como la granada.<\/p>\n<p>Resalt\u00f3 que acorde al \u00e9xito de esta feria analizar\u00e1n si incrementan un fin de semana m\u00e1s la comercializaci\u00f3n de este tradicional platillo, \u00ab<strong>en Cholula es garant\u00eda que encontrar\u00e1s productos para elaborar estos chiles, adem\u00e1s algo que nos diferencia es el estilo\u00a0 del capeado, la receta de la nogada var\u00eda, por lo que en Cholula encontrar\u00e1s un chile tradicional en nogada no uno pirata\u00bb, sentenci\u00f3 la funcionaria de la comuna.<\/strong><\/p>\n","protected":false},"excerpt":{"rendered":"<p>M\u00e1s de dos mil Chiles en Nogada se comercializar\u00e1n\u00a0 en la tercera edici\u00f3n de la Feria del Chile en Nogada que se llevar\u00e1 a cabo en San Pedro Cholula<\/p>\n","protected":false},"author":6,"featured_media":0,"comment_status":"open","ping_status":"open","sticky":false,"template":"","format":"standard","meta":{"footnotes":""},"categories":[12,9],"tags":[2389,28,18,437],"yst_prominent_words":[],"class_list":["post-55911","post","type-post","status-publish","format-standard","hentry","category-cholula","category-municipios","tag-chile-en-nogada","tag-municipios","tag-puebla","tag-san-pedro-cholula"],"_links":{"self":[{"href":"https:\/\/sintesis.com.mx\/puebla\/wp-json\/wp\/v2\/posts\/55911"}],"collection":[{"href":"https:\/\/sintesis.com.mx\/puebla\/wp-json\/wp\/v2\/posts"}],"about":[{"href":"https:\/\/sintesis.com.mx\/puebla\/wp-json\/wp\/v2\/types\/post"}],"author":[{"embeddable":true,"href":"https:\/\/sintesis.com.mx\/puebla\/wp-json\/wp\/v2\/users\/6"}],"replies":[{"embeddable":true,"href":"https:\/\/sintesis.com.mx\/puebla\/wp-json\/wp\/v2\/comments?post=55911"}],"version-history":[{"count":0,"href":"https:\/\/sintesis.com.mx\/puebla\/wp-json\/wp\/v2\/posts\/55911\/revisions"}],"wp:attachment":[{"href":"https:\/\/sintesis.com.mx\/puebla\/wp-json\/wp\/v2\/media?parent=55911"}],"wp:term":[{"taxonomy":"category","embeddable":true,"href":"https:\/\/sintesis.com.mx\/puebla\/wp-json\/wp\/v2\/categories?post=55911"},{"taxonomy":"post_tag","embeddable":true,"href":"https:\/\/sintesis.com.mx\/puebla\/wp-json\/wp\/v2\/tags?post=55911"},{"taxonomy":"yst_prominent_words","embeddable":true,"href":"https:\/\/sintesis.com.mx\/puebla\/wp-json\/wp\/v2\/yst_prominent_words?post=55911"}],"curies":[{"name":"wp","href":"https:\/\/api.w.org\/{rel}","templated":true}]}}