{"id":60397,"date":"2017-08-26T17:46:29","date_gmt":"2017-08-26T23:46:29","guid":{"rendered":"http:\/\/sintesis.com.mx\/puebla\/?p=60397"},"modified":"2017-08-26T17:53:22","modified_gmt":"2017-08-26T23:53:22","slug":"renuncia-javier-lozano-gobierno","status":"publish","type":"post","link":"https:\/\/sintesis.com.mx\/puebla\/2017\/08\/26\/renuncia-javier-lozano-gobierno\/","title":{"rendered":"Renuncia Javier Lozano a cargos en el gobierno del estado"},"content":{"rendered":"<p><strong>Javier Lozano Alarc\u00f3n<\/strong> <strong>renuncia a su cargo<\/strong> como jefe de la oficina del gobernador, vocero del gobierno del estado y coordinador de Transparencia,\u00a0este fin de semana regresar\u00e1 al <strong>Senado de la Rep\u00fablica.<\/strong><\/p>\n<p>Por medio de un comunicado, inform\u00f3 que fue el martes pasado cuando le manifest\u00f3 al gobernador del estado, Jos\u00e9 Antonio Gali Fayad, sus intenciones de competir en la elecci\u00f3n del 2018 por la candidatura a la gubernatura.<\/p>\n<p style=\"text-align: center;\"><em><strong>\u00abEstoy convencido en que la transformaci\u00f3n de Puebla hacia el desarrollo y El Progreso debe continuar. Para ello se requiere capacidad, preparaci\u00f3n, experiencia probada en la administraci\u00f3n p\u00fablica con buenos resultados y car\u00e1cter para la toma de decisiones. Como poblano y como panista, me siento preparado para el reto\u00bb, cita el bolet\u00edn que public\u00f3 en su cuenta de Twitter.<\/strong><\/em><\/p>\n<p>El exfuncionario argument\u00f3 tambi\u00e9n que quiere impulsar en el Congreso de la Uni\u00f3n la agenda pendiente en materia de Seguridad Interior, Mando Mixto Policial, Sistema Penal Acusatorio, Sistema Nacional Anticorrupci\u00f3n, as\u00ed como la concreci\u00f3n de la Fiscal\u00eda General de la Naci\u00f3n.<\/p>\n<p style=\"text-align: center;\"><strong>\u201cEs imperdonable que, a estas alturas, esos puntos sigan en la congeladora del Poder Legislativo. Para contribuir a realizar esa tarea, regresar\u00e9 al Senado\u201d, acot\u00f3.<\/strong><\/p>\n<p>Javier Lozano pretende competir por la gubernatura del estado con Martha Erika Alonso, esposa del exgobernador Rafael Moreno Valle, quien tambi\u00e9n es mencionada para este cargo de elecci\u00f3n popular.<\/p>\n<p><a href=\"https:\/\/twitter.com\/JLozanoA\/status\/901560942424621061\">https:\/\/twitter.com\/JLozanoA\/status\/901560942424621061<\/a><\/p>\n","protected":false},"excerpt":{"rendered":"<p>Javier Lozano Alarc\u00f3n renuncia a su cargo como jefe de la oficina del gobernador, vocero del gobierno del estado y coordinador de Transparencia,\u00a0este fin de semana regresar\u00e1 al Senado de la Rep\u00fablica. Por medio de un comunicado, inform\u00f3 que fue el martes pasado cuando le manifest\u00f3 al gobernador del estado, Jos\u00e9 Antonio Gali Fayad, sus [&hellip;]<\/p>\n","protected":false},"author":58,"featured_media":0,"comment_status":"open","ping_status":"open","sticky":false,"template":"","format":"standard","meta":{"footnotes":""},"categories":[3,11],"tags":[876,763,27,347,867,4143,23],"yst_prominent_words":[],"class_list":["post-60397","post","type-post","status-publish","format-standard","hentry","category-puebla","category-slide","tag-eleccion-2018","tag-gubernatura","tag-hoyesnoticia","tag-javier-lozano-alarcon","tag-renuncia","tag-senado","tag-slide"],"_links":{"self":[{"href":"https:\/\/sintesis.com.mx\/puebla\/wp-json\/wp\/v2\/posts\/60397"}],"collection":[{"href":"https:\/\/sintesis.com.mx\/puebla\/wp-json\/wp\/v2\/posts"}],"about":[{"href":"https:\/\/sintesis.com.mx\/puebla\/wp-json\/wp\/v2\/types\/post"}],"author":[{"embeddable":true,"href":"https:\/\/sintesis.com.mx\/puebla\/wp-json\/wp\/v2\/users\/58"}],"replies":[{"embeddable":true,"href":"https:\/\/sintesis.com.mx\/puebla\/wp-json\/wp\/v2\/comments?post=60397"}],"version-history":[{"count":0,"href":"https:\/\/sintesis.com.mx\/puebla\/wp-json\/wp\/v2\/posts\/60397\/revisions"}],"wp:attachment":[{"href":"https:\/\/sintesis.com.mx\/puebla\/wp-json\/wp\/v2\/media?parent=60397"}],"wp:term":[{"taxonomy":"category","embeddable":true,"href":"https:\/\/sintesis.com.mx\/puebla\/wp-json\/wp\/v2\/categories?post=60397"},{"taxonomy":"post_tag","embeddable":true,"href":"https:\/\/sintesis.com.mx\/puebla\/wp-json\/wp\/v2\/tags?post=60397"},{"taxonomy":"yst_prominent_words","embeddable":true,"href":"https:\/\/sintesis.com.mx\/puebla\/wp-json\/wp\/v2\/yst_prominent_words?post=60397"}],"curies":[{"name":"wp","href":"https:\/\/api.w.org\/{rel}","templated":true}]}}