{"id":63099,"date":"2017-09-10T18:42:43","date_gmt":"2017-09-11T00:42:43","guid":{"rendered":"http:\/\/sintesis.com.mx\/puebla\/?p=63099"},"modified":"2017-09-10T18:42:43","modified_gmt":"2017-09-11T00:42:43","slug":"pericos-peleamos-hasta-el-final","status":"publish","type":"post","link":"https:\/\/sintesis.com.mx\/puebla\/2017\/09\/10\/pericos-peleamos-hasta-el-final\/","title":{"rendered":"Pericos: peleamos hasta el final"},"content":{"rendered":"<p>El momento de la revancha lleg\u00f3 para los <a href=\"http:\/\/sintesis.com.mx\/puebla\/2017\/09\/10\/toros-campeonato-liga-mexicana\/\"><strong>Toros de Tijuana<\/strong><\/a>, conjunto que se levant\u00f3 con el <strong>campeonato de la Liga Mexicana de B\u00e9isbol tras vencer 15 carreras a 3 a los <a href=\"https:\/\/twitter.com\/Pericos_Oficial\">Pericos de Puebla<\/a>,<\/strong> \u00a0en una serie donde los visitantes dominaron. La novena emplumada intent\u00f3 dar esperanza a los aficionados al <strong><em>\u201cRey de los Deportes\u201d<\/em><\/strong>, sin embargo, no pudo encontrar la manera de detener la ofensiva fronteriza.<\/p>\n<p>Pese a quedarse con el subcampeonato, los jugadores del equipo emplumado mostraron estar orgullosos del desempe\u00f1o, ya que aseguraron defendieron el t\u00edtulo hasta lo \u00faltimo, <strong>\u201cTijuana se arm\u00f3 y se reforz\u00f3 para eso, nosotros nunca nos dimos por vencidos a pesar del marcador de hoy, siempre peleamos hasta el final y defendimos hasta lo \u00faltimo el campeonato\u201d, expres\u00f3 Cesar Tapia.<\/strong><\/p>\n<p>El pelotero poblano, se\u00f1al\u00f3 que el reconocimiento de la afici\u00f3n poblana, que se despidi\u00f3 de los verdes con un sendo aplauso, signific\u00f3 un emotivo momento, \u201c<strong>ellos vieron a un equipo que lucho, que batall\u00f3 todo el a\u00f1o, venimos a defender el campeonato hasta lo \u00faltimo\u201d.<\/strong><\/p>\n<p>Por su parte, Jes\u00fas Arredondo destac\u00f3 que la novena no baj\u00f3 la guardia hasta el final y aunque el triunfo no fue para ellos, se van con la cara al sol porque toda la temporada lucharon por ser protagonista,\u00bb<strong>hay mucho que rescatar, fue una temporada cuesta arriba, estoy orgulloso de todo el equipo, de los compa\u00f1eros, del manager, hubo gente que no cre\u00eda que llegar\u00edamos a la Serie del Rey pero no se nos dio, jugar contra Toros fue un gran momento\u201d.<\/strong><\/p>\n<p>Aunque existe la intenci\u00f3n de que Pericos emigre, Arredondo se\u00f1al\u00f3 que Puebla es una gran plaza y con \u00a0aficionados que respeta al rey de los deportes. Por su parte, el due\u00f1o de los emplumados v\u00eda las redes sociales agradeci\u00f3 el apoyo de los aficionados, la labor de pericos por hacer posible esta campa\u00f1a 2017.<\/p>\n<p>Por su parte, el manager de Tijuana, Pedro Mere se mostr\u00f3 feliz por el triunfo obtenido, \u201clo venimos trabajando muy fuerte, es un trabajo muy merecido para los muchachos\u201d.<\/p>\n<blockquote class=\"twitter-tweet\">\n<p dir=\"ltr\" lang=\"es\">\u00a1Gracias Familia Emplumada! <a href=\"https:\/\/twitter.com\/hashtag\/TenemosPericos?src=hash\">#TenemosPericos<\/a>! <a href=\"https:\/\/t.co\/gMsDlnkUy0\">pic.twitter.com\/gMsDlnkUy0<\/a><\/p>\n<p>\u2014 Pericos OFICIAL (@Pericos_Oficial) <a href=\"https:\/\/twitter.com\/Pericos_Oficial\/status\/907000739020472320\">10 de septiembre de 2017<\/a><\/p><\/blockquote>\n<p>&nbsp;<\/p>\n","protected":false},"excerpt":{"rendered":"<p>El momento de la revancha lleg\u00f3 para los Toros de Tijuana, conjunto que se levant\u00f3 con el campeonato de la Liga Mexicana de B\u00e9isbol tras vencer 15 carreras a 3 a los Pericos de Puebla.<\/p>\n","protected":false},"author":6,"featured_media":0,"comment_status":"open","ping_status":"open","sticky":false,"template":"","format":"standard","meta":{"footnotes":""},"categories":[4,3],"tags":[29,2687,156,18,4794,3448],"yst_prominent_words":[],"class_list":["post-63099","post","type-post","status-publish","format-standard","hentry","category-deportes","category-puebla","tag-deportes","tag-lmb","tag-pericos-de-puebla","tag-puebla","tag-subcampeon","tag-tijuana"],"_links":{"self":[{"href":"https:\/\/sintesis.com.mx\/puebla\/wp-json\/wp\/v2\/posts\/63099"}],"collection":[{"href":"https:\/\/sintesis.com.mx\/puebla\/wp-json\/wp\/v2\/posts"}],"about":[{"href":"https:\/\/sintesis.com.mx\/puebla\/wp-json\/wp\/v2\/types\/post"}],"author":[{"embeddable":true,"href":"https:\/\/sintesis.com.mx\/puebla\/wp-json\/wp\/v2\/users\/6"}],"replies":[{"embeddable":true,"href":"https:\/\/sintesis.com.mx\/puebla\/wp-json\/wp\/v2\/comments?post=63099"}],"version-history":[{"count":0,"href":"https:\/\/sintesis.com.mx\/puebla\/wp-json\/wp\/v2\/posts\/63099\/revisions"}],"wp:attachment":[{"href":"https:\/\/sintesis.com.mx\/puebla\/wp-json\/wp\/v2\/media?parent=63099"}],"wp:term":[{"taxonomy":"category","embeddable":true,"href":"https:\/\/sintesis.com.mx\/puebla\/wp-json\/wp\/v2\/categories?post=63099"},{"taxonomy":"post_tag","embeddable":true,"href":"https:\/\/sintesis.com.mx\/puebla\/wp-json\/wp\/v2\/tags?post=63099"},{"taxonomy":"yst_prominent_words","embeddable":true,"href":"https:\/\/sintesis.com.mx\/puebla\/wp-json\/wp\/v2\/yst_prominent_words?post=63099"}],"curies":[{"name":"wp","href":"https:\/\/api.w.org\/{rel}","templated":true}]}}