{"id":63606,"date":"2017-09-13T10:26:59","date_gmt":"2017-09-13T16:26:59","guid":{"rendered":"http:\/\/sintesis.com.mx\/puebla\/?p=63606"},"modified":"2017-09-13T10:26:59","modified_gmt":"2017-09-13T16:26:59","slug":"atropellan-a-mujer-amalucan","status":"publish","type":"post","link":"https:\/\/sintesis.com.mx\/puebla\/2017\/09\/13\/atropellan-a-mujer-amalucan\/","title":{"rendered":"Mujer atropellada frente al mercado de Amalucan"},"content":{"rendered":"<h4>Una mujer de la tercera edad falleci\u00f3 tras ser atropellada frente al mercado de Amalucan la ma\u00f1ana de este mi\u00e9rcoles.<\/h4>\n<p>Minutos antes de las 08:00 horas, se solicit\u00f3 la presencia de cuerpos de emergencia sobre bulevar <strong>Xonacatepec<\/strong> debido a que la mujer estaba sobre el asfalto.<\/p>\n<p>A la llegada de <strong>param\u00e9dicos<\/strong> se confirm\u00f3 que carec\u00eda de signos vitales, motivo por el que el \u00e1rea fue acordonada en espera del levantamiento de cad\u00e1ver.<\/p>\n<p>De acuerdo con testigos, el responsable fue el conductor de un a<strong>uto particular de color blanco<\/strong> que continu\u00f3 su trayecto.<\/p>\n<p>La v\u00edctima quien respond\u00eda al nombre de <strong>Guadalupe \u00abN\u00bb<\/strong>, acudi\u00f3 al mercado para realizar algunas comprar y al cruzar fue embestida por el auto que se presume no respet\u00f3 la luz del sem\u00e1foro.<\/p>\n","protected":false},"excerpt":{"rendered":"<p>Una mujer de la tercera edad falleci\u00f3 tras ser atropellada frente al mercado de Amalucan la ma\u00f1ana de este mi\u00e9rcoles. Minutos antes de las 08:00 horas, se solicit\u00f3 la presencia de cuerpos de emergencia sobre bulevar Xonacatepec debido a que la mujer estaba sobre el asfalto. A la llegada de param\u00e9dicos se confirm\u00f3 que carec\u00eda [&hellip;]<\/p>\n","protected":false},"author":26,"featured_media":0,"comment_status":"open","ping_status":"open","sticky":false,"template":"","format":"standard","meta":{"footnotes":""},"categories":[1285,3],"tags":[588,4896,27,4895],"yst_prominent_words":[],"class_list":["post-63606","post","type-post","status-publish","format-standard","hentry","category-justicia","category-puebla","tag-atropellada","tag-bulevar-xonacatepec","tag-hoyesnoticia","tag-mercado-amalucan"],"_links":{"self":[{"href":"https:\/\/sintesis.com.mx\/puebla\/wp-json\/wp\/v2\/posts\/63606"}],"collection":[{"href":"https:\/\/sintesis.com.mx\/puebla\/wp-json\/wp\/v2\/posts"}],"about":[{"href":"https:\/\/sintesis.com.mx\/puebla\/wp-json\/wp\/v2\/types\/post"}],"author":[{"embeddable":true,"href":"https:\/\/sintesis.com.mx\/puebla\/wp-json\/wp\/v2\/users\/26"}],"replies":[{"embeddable":true,"href":"https:\/\/sintesis.com.mx\/puebla\/wp-json\/wp\/v2\/comments?post=63606"}],"version-history":[{"count":0,"href":"https:\/\/sintesis.com.mx\/puebla\/wp-json\/wp\/v2\/posts\/63606\/revisions"}],"wp:attachment":[{"href":"https:\/\/sintesis.com.mx\/puebla\/wp-json\/wp\/v2\/media?parent=63606"}],"wp:term":[{"taxonomy":"category","embeddable":true,"href":"https:\/\/sintesis.com.mx\/puebla\/wp-json\/wp\/v2\/categories?post=63606"},{"taxonomy":"post_tag","embeddable":true,"href":"https:\/\/sintesis.com.mx\/puebla\/wp-json\/wp\/v2\/tags?post=63606"},{"taxonomy":"yst_prominent_words","embeddable":true,"href":"https:\/\/sintesis.com.mx\/puebla\/wp-json\/wp\/v2\/yst_prominent_words?post=63606"}],"curies":[{"name":"wp","href":"https:\/\/api.w.org\/{rel}","templated":true}]}}