{"id":64484,"date":"2017-09-18T12:54:50","date_gmt":"2017-09-18T18:54:50","guid":{"rendered":"http:\/\/sintesis.com.mx\/puebla\/?p=64484"},"modified":"2017-09-18T13:33:03","modified_gmt":"2017-09-18T19:33:03","slug":"bienvenida-alerta-de-genero-para-puebla-gali","status":"publish","type":"post","link":"https:\/\/sintesis.com.mx\/puebla\/2017\/09\/18\/bienvenida-alerta-de-genero-para-puebla-gali\/","title":{"rendered":"Bienvenida alerta de g\u00e9nero para Puebla: Gali"},"content":{"rendered":"<p><strong>Jos\u00e9 Antonio Gali Fayad<\/strong>, gobernador de Puebla, dijo que la alerta de g\u00e9nero \u201ces bienvenida\u201d en el estado si el gobierno federal la activa, aunque consider\u00f3 que no ser\u00e1 suficiente para frenar las agresiones contra mujeres porque la prevenci\u00f3n y la integraci\u00f3n familiar son medulares.<\/p>\n<p style=\"text-align: center;\"><strong>\u201cQueremos poner un ejemplo nacional en Puebla, porque cuando se habla de alertas, sabemos que con alertas o sin alertas la prevenci\u00f3n es fundamental, la integraci\u00f3n de sociedad y de familia\u201d, manifest\u00f3 en alusi\u00f3n al asesinato de Mara Fernanda Castilla.<\/strong><\/p>\n<p>Durante su participaci\u00f3n en el foro de Protecci\u00f3n de Datos Personales, que se lleva a cabo en el Museo Internacional Barroco, el mandatario indic\u00f3 que el caso de la estudiante de la Upaep \u201cno est\u00e1 cerrado\u201d y contin\u00faan las investigaciones; espec\u00edficamente dijo se revisa la operaci\u00f3n de Cabify, ya que la empresa aleg\u00f3 en su defensa que no se hace responsable de la seguridad de los usuarios.<\/p>\n<p>Otro tema que se indaga es por qu\u00e9 el antro de San Andr\u00e9s Cholula, donde acudi\u00f3 la joven de 19 a\u00f1os, no cumpli\u00f3 con la hora de cierre estipulada por la ley.<\/p>\n<p>Gali Fayad lament\u00f3 una vez m\u00e1s la muerte de la universitaria y ofreci\u00f3 llegar hasta las \u00faltimas consecuencias para imponer un \u201ccastigo ejemplar\u201d a los responsables.<\/p>\n<p>En ese sentido, el pol\u00edtico dijo que su gobierno s\u00ed est\u00e1 enfrentado el tema de los feminicidios \u201cde manera directa y contundente\u201d, pero hizo un llamado a los sociedad poblana para que retome la educaci\u00f3n en valores.<\/p>\n<p>Particularmente, pidi\u00f3 a los j\u00f3venes se cuidadosos con los datos que comparten a trav\u00e9s de redes sociales porque se ponen en situaci\u00f3n de riesgo.<\/p>\n<p style=\"text-align: center;\"><strong>\u201cYo cuando veo a tantos j\u00f3venes subiendo datos y datos, y datos, de verdad, es muy preocupante; informan donde est\u00e1n, con qui\u00e9n est\u00e1n, que est\u00e1n haciendo, con qui\u00e9nes est\u00e1n, cu\u00e1nto traen, que est\u00e1n tomando, qu\u00e9 est\u00e1n gastando, de verdad eso es muy preocupante\u201d, exclam\u00f3.<\/strong><\/p>\n<p>As\u00ed, reiter\u00f3 que Puebla est\u00e1 abierta a la alerta de g\u00e9nero. \u201cSi hay una alerta bienvenida, no es algo que tiene que normar el estado, lo tiene que aprobar el gobierno federal, en Puebla estamos totalmente abiertos\u201d.<\/p>\n","protected":false},"excerpt":{"rendered":"<p>Jos\u00e9 Antonio Gali Fayad, gobernador de Puebla, dijo que la alerta de g\u00e9nero \u201ces bienvenida\u201d en el estado si el gobierno federal la activa, aunque consider\u00f3 que no ser\u00e1 suficiente para frenar las agresiones contra mujeres porque la prevenci\u00f3n y la integraci\u00f3n familiar son medulares. \u201cQueremos poner un ejemplo nacional en Puebla, porque cuando se [&hellip;]<\/p>\n","protected":false},"author":58,"featured_media":0,"comment_status":"open","ping_status":"open","sticky":false,"template":"","format":"standard","meta":{"footnotes":""},"categories":[3],"tags":[1341,286,1349,27,4996,23],"yst_prominent_words":[],"class_list":["post-64484","post","type-post","status-publish","format-standard","hentry","category-puebla","tag-alerta-de-genero","tag-antonio-gali","tag-feminicidios","tag-hoyesnoticia","tag-mara-fernanda-castilla","tag-slide"],"_links":{"self":[{"href":"https:\/\/sintesis.com.mx\/puebla\/wp-json\/wp\/v2\/posts\/64484"}],"collection":[{"href":"https:\/\/sintesis.com.mx\/puebla\/wp-json\/wp\/v2\/posts"}],"about":[{"href":"https:\/\/sintesis.com.mx\/puebla\/wp-json\/wp\/v2\/types\/post"}],"author":[{"embeddable":true,"href":"https:\/\/sintesis.com.mx\/puebla\/wp-json\/wp\/v2\/users\/58"}],"replies":[{"embeddable":true,"href":"https:\/\/sintesis.com.mx\/puebla\/wp-json\/wp\/v2\/comments?post=64484"}],"version-history":[{"count":0,"href":"https:\/\/sintesis.com.mx\/puebla\/wp-json\/wp\/v2\/posts\/64484\/revisions"}],"wp:attachment":[{"href":"https:\/\/sintesis.com.mx\/puebla\/wp-json\/wp\/v2\/media?parent=64484"}],"wp:term":[{"taxonomy":"category","embeddable":true,"href":"https:\/\/sintesis.com.mx\/puebla\/wp-json\/wp\/v2\/categories?post=64484"},{"taxonomy":"post_tag","embeddable":true,"href":"https:\/\/sintesis.com.mx\/puebla\/wp-json\/wp\/v2\/tags?post=64484"},{"taxonomy":"yst_prominent_words","embeddable":true,"href":"https:\/\/sintesis.com.mx\/puebla\/wp-json\/wp\/v2\/yst_prominent_words?post=64484"}],"curies":[{"name":"wp","href":"https:\/\/api.w.org\/{rel}","templated":true}]}}