{"id":65449,"date":"2017-09-22T14:40:09","date_gmt":"2017-09-22T20:40:09","guid":{"rendered":"http:\/\/sintesis.com.mx\/puebla\/?p=65449"},"modified":"2017-09-22T14:40:09","modified_gmt":"2017-09-22T20:40:09","slug":"conductores-cabify-recuperar-empleos","status":"publish","type":"post","link":"https:\/\/sintesis.com.mx\/puebla\/2017\/09\/22\/conductores-cabify-recuperar-empleos\/","title":{"rendered":"Conductores de Cabify exigen recuperar sus empleos"},"content":{"rendered":"<p>Conductores del servicio digital (taxi)<strong> Cabify<\/strong> exigen recuperar su fuente trabajo y recriminan que la autoridad estatal solo pretende \u00abcortar el hilo por lo m\u00e1s delgado\u00bb, en el tema de inseguridad que viven los poblanos, con el cierre de esta empresa.<\/p>\n<p>Tras el anuncio de que oficialmente hoy, queda suspendida la empresa de taxi digital Cabify, m\u00e1s de medio centenar de personas en su calidad de choferes de este servicio, acudieron a las oficinas centrales de La Vista, en donde recibieron informaci\u00f3n por parte de la empresa, la cual mostr\u00f3 secrec\u00eda a este medio de comunicaci\u00f3n.<\/p>\n<p>Al rededor de las 11:00 de la ma\u00f1ana, fueron congreg\u00e1ndose los diferentes conductores de los autom\u00f3viles que prestaron el servicio de taxi ejecutivo a los poblanos, quienes mostraron en todo momento su malestar por la determinaci\u00f3n de que salieran de circulaci\u00f3n, responsabilizando en todo momento al gobierno de esta acci\u00f3n.<\/p>\n<p>Algunos de los presentes quienes no quisieron dar su nombre y que prefirieron \u00fanicamente comentar que acudieron a las oficinas de la empresa espa\u00f1ola a conocer la situaci\u00f3n qu\u00e9 hay y qu\u00e9 proceder\u00e1, pues no tienen conocimiento de que pasar\u00e1 con su concesi\u00f3n.<\/p>\n<p>La mayor\u00eda, dijo que todav\u00eda tienen mensualidades que cubr\u00edr por la compra del auto con el que ofrec\u00edan el servicio de taxi digital, por lo que exigen se les regrese su fuente de trabajo y no solo la autoridad se escude es el lamentable hecho para justificar el problema de inseguridad que se vive en Puebla.<\/p>\n<p>Ante esta situaci\u00f3n, entre ellos estaban proponiendo elaborar un escrito dirigido a la autoridad estatal como al Congreso local para exigirles les regrese su fuente de trabajo, pues dijeron que fue \u00abuna injusticia\u00bb, el prohibirles seguir operando en Puebla.<\/p>\n<p>Tambi\u00e9n comentaban que recolectar\u00e1n firmas ciudadanas para garantizar de que el servicio que prestan cientos de concesionarios, es confiable y seguro.<\/p>\n<p>A lo lejos tambi\u00e9n se escuch\u00f3 decir que Cabify, no registra ning\u00fan caso de esta \u00edndole en el pa\u00eds como en el mundo, que en las ciudades mexicanas trabaja de manera normal.<\/p>\n<p><img loading=\"lazy\" decoding=\"async\" class=\"alignnone  wp-image-65460\" src=\"http:\/\/sintesis.com.mx\/puebla\/wp-content\/uploads\/2017\/09\/WhatsApp-Image-2017-09-22-at-15.28.28-300x225.jpeg\" alt=\"\" width=\"373\" height=\"272\" \/><\/p>\n<h4>Secrec\u00eda de la firma Cabify<\/h4>\n<p>Derivado indagaci\u00f3n que hizo la reportera que suscribe entre los presentes, la abord\u00f3 el encargado de la <strong>Administraci\u00f3n local Puebla, Carlo Zurita<\/strong> quien precis\u00f3 que cualquier informaci\u00f3n sobre la empresa y el servicio ser\u00eda con la gerente de medio, quien responde al nombre de Vianey Campos quien se encuentra en la Ciudad de M\u00e9xico.<\/p>\n<p>La reportera insisti\u00f3 en obtener informaci\u00f3n, sin embargo, no obtuvo nada, ante el hermetismo que maneja la empresa de origen espa\u00f1ola, la cual tiene rutas de taxis y plataformas digitales en 10 ciudades del pa\u00eds y en varias parte del mundo.<\/p>\n<p>Cabe citar que Cabify, la empresa de transporte privado que, recientemente se vio involucrada en el tema del feminicidio de Mara Castilla y que a causa de ello, el Gobierno de Puebla le revoc\u00f3 el permiso para operar en Puebla, finalmente suspendi\u00f3 actividades.<\/p>\n","protected":false},"excerpt":{"rendered":"<p>Conductores del servicio Cabify exigen recuperar su fuente trabajo y recriminan que la autoridad estatal solo pretende \u00abcortar el hilo por lo m\u00e1s delgado\u00bb.<\/p>\n","protected":false},"author":10,"featured_media":0,"comment_status":"open","ping_status":"open","sticky":false,"template":"","format":"standard","meta":{"footnotes":""},"categories":[3],"tags":[2123,5242,5243,1768,18,5244,23],"yst_prominent_words":[],"class_list":["post-65449","post","type-post","status-publish","format-standard","hentry","category-puebla","tag-cabify","tag-choferes","tag-injusticia","tag-la-vista","tag-puebla","tag-secrecia","tag-slide"],"_links":{"self":[{"href":"https:\/\/sintesis.com.mx\/puebla\/wp-json\/wp\/v2\/posts\/65449"}],"collection":[{"href":"https:\/\/sintesis.com.mx\/puebla\/wp-json\/wp\/v2\/posts"}],"about":[{"href":"https:\/\/sintesis.com.mx\/puebla\/wp-json\/wp\/v2\/types\/post"}],"author":[{"embeddable":true,"href":"https:\/\/sintesis.com.mx\/puebla\/wp-json\/wp\/v2\/users\/10"}],"replies":[{"embeddable":true,"href":"https:\/\/sintesis.com.mx\/puebla\/wp-json\/wp\/v2\/comments?post=65449"}],"version-history":[{"count":0,"href":"https:\/\/sintesis.com.mx\/puebla\/wp-json\/wp\/v2\/posts\/65449\/revisions"}],"wp:attachment":[{"href":"https:\/\/sintesis.com.mx\/puebla\/wp-json\/wp\/v2\/media?parent=65449"}],"wp:term":[{"taxonomy":"category","embeddable":true,"href":"https:\/\/sintesis.com.mx\/puebla\/wp-json\/wp\/v2\/categories?post=65449"},{"taxonomy":"post_tag","embeddable":true,"href":"https:\/\/sintesis.com.mx\/puebla\/wp-json\/wp\/v2\/tags?post=65449"},{"taxonomy":"yst_prominent_words","embeddable":true,"href":"https:\/\/sintesis.com.mx\/puebla\/wp-json\/wp\/v2\/yst_prominent_words?post=65449"}],"curies":[{"name":"wp","href":"https:\/\/api.w.org\/{rel}","templated":true}]}}