{"id":70444,"date":"2017-10-20T18:20:19","date_gmt":"2017-10-21T00:20:19","guid":{"rendered":"http:\/\/sintesis.com.mx\/puebla\/?p=70444"},"modified":"2017-10-20T18:20:19","modified_gmt":"2017-10-21T00:20:19","slug":"ganador-del-premio-pritzker-ponente-la-ciudad-las-ideas","status":"publish","type":"post","link":"https:\/\/sintesis.com.mx\/puebla\/2017\/10\/20\/ganador-del-premio-pritzker-ponente-la-ciudad-las-ideas\/","title":{"rendered":"Ganador del Premio Pritzker, ponente en la Ciudad de las Ideas"},"content":{"rendered":"<p><strong>Alejandro Aravena<\/strong>, arquitecto chileno y ganador del <strong>Premio Pritzker<\/strong>, ser\u00e1 parte de la Ciudad de las Ideas, con su ponencia En busca de valor en el Dise\u00f1o.<\/p>\n<p>Parte del trabajo de Aravena es buscar que el dise\u00f1o no pierda la cualidad art\u00edstica, dejando a un lado dise\u00f1os inmensos, deslumbrantes o con una tecnolog\u00eda avanzada.<\/p>\n<p>Adem\u00e1s de ser uno de los arquitectos m\u00e1s reconocidos de nuestros tiempos, tambi\u00e9n tiene una ideolog\u00eda de bienestar com\u00fan, y <strong>busca responder las necesidades humanas<\/strong>.<\/p>\n<p>La d\u00e9cima edici\u00f3n de la Ciudad de las Ideas se llevar\u00e1 a cabo del <strong>17 al 19 de noviembre<\/strong> en el Auditorio Metropolitano, participar\u00e1n m\u00e1s de 60 conferencistas; adem\u00e1s de Aravena el cual es invitado de honor, se contar\u00e1 con la participaci\u00f3n de Noham Chomsky, Steven Pinker, Hel\u00e9n Fisher, Chip Conley y Mario Molina, entre otros m\u00e1s.<\/p>\n","protected":false},"excerpt":{"rendered":"<p>Alejandro Aravena, arquitecto chileno y ganador del Premio Pritzker, ser\u00e1 parte de la Ciudad de las Ideas, con su ponencia En busca de valor en el Dise\u00f1o.<\/p>\n","protected":false},"author":26,"featured_media":0,"comment_status":"open","ping_status":"open","sticky":false,"template":"","format":"standard","meta":{"footnotes":""},"categories":[6,3],"tags":[6421,6422,31,27,18],"yst_prominent_words":[],"class_list":["post-70444","post","type-post","status-publish","format-standard","hentry","category-entretenimiento","category-puebla","tag-alejandro-aravena","tag-ciudad-de-las-ideas","tag-entretenimiento","tag-hoyesnoticia","tag-puebla"],"_links":{"self":[{"href":"https:\/\/sintesis.com.mx\/puebla\/wp-json\/wp\/v2\/posts\/70444"}],"collection":[{"href":"https:\/\/sintesis.com.mx\/puebla\/wp-json\/wp\/v2\/posts"}],"about":[{"href":"https:\/\/sintesis.com.mx\/puebla\/wp-json\/wp\/v2\/types\/post"}],"author":[{"embeddable":true,"href":"https:\/\/sintesis.com.mx\/puebla\/wp-json\/wp\/v2\/users\/26"}],"replies":[{"embeddable":true,"href":"https:\/\/sintesis.com.mx\/puebla\/wp-json\/wp\/v2\/comments?post=70444"}],"version-history":[{"count":0,"href":"https:\/\/sintesis.com.mx\/puebla\/wp-json\/wp\/v2\/posts\/70444\/revisions"}],"wp:attachment":[{"href":"https:\/\/sintesis.com.mx\/puebla\/wp-json\/wp\/v2\/media?parent=70444"}],"wp:term":[{"taxonomy":"category","embeddable":true,"href":"https:\/\/sintesis.com.mx\/puebla\/wp-json\/wp\/v2\/categories?post=70444"},{"taxonomy":"post_tag","embeddable":true,"href":"https:\/\/sintesis.com.mx\/puebla\/wp-json\/wp\/v2\/tags?post=70444"},{"taxonomy":"yst_prominent_words","embeddable":true,"href":"https:\/\/sintesis.com.mx\/puebla\/wp-json\/wp\/v2\/yst_prominent_words?post=70444"}],"curies":[{"name":"wp","href":"https:\/\/api.w.org\/{rel}","templated":true}]}}