{"id":75703,"date":"2017-11-20T23:50:42","date_gmt":"2017-11-21T05:50:42","guid":{"rendered":"http:\/\/sintesis.com.mx\/puebla\/?p=75703"},"modified":"2017-11-20T22:08:36","modified_gmt":"2017-11-21T04:08:36","slug":"sanchez-kobashi-la-asf","status":"publish","type":"post","link":"https:\/\/sintesis.com.mx\/puebla\/2017\/11\/20\/sanchez-kobashi-la-asf\/","title":{"rendered":"S\u00e1nchez Kobashi, a la ASF"},"content":{"rendered":"<p><strong>Ra\u00fal S\u00e1nchez Kobashi<\/strong> pidi\u00f3 licencia al gobernador <strong>Tony Gali<\/strong> por un mes como secretario de Finanzas y Administraci\u00f3n para competir por ser el titular de la Auditor\u00eda Superior de la Federaci\u00f3n (ASF).<\/p>\n<p>El responsable del proceso de renovaci\u00f3n de dicha titularidad es el exsecretario general de Gobierno de Puebla,<strong> Luis Maldonado Venegas,<\/strong> quien se reuni\u00f3 con los coordinadores parlamentarios en la Junta de Coordinaci\u00f3n Pol\u00edtica, para sacar el acuerdo de la convocatoria para emitir el nombramiento de auditor y evitar as\u00ed dejar ac\u00e9falo el cargo.<\/p>\n<p>Seg\u00fan El Economista, \u201cEl legislador dijo que la convocatoria permite a las organizaciones sociales registrar a sus candidatos como una <strong>forma de escrutinio social\u201d.<\/strong><\/p>\n<p>Ra\u00fal S\u00e1nchez Kobashi, experimentado en las actividades de la <strong>Auditor\u00eda Superior de la Federaci\u00f3n<\/strong>, tiene hasta el 26 de noviembre para inscribirse como aspirante, en tanto que los diputados entrevistar\u00e1n a los candidatos y el 1 de diciembre publicar\u00e1n la agenda de reuniones.<\/p>\n<p>La diputada <strong>Ruth Tiscare\u00f1o Agoitia<\/strong> (PRI), secretaria de la Comisi\u00f3n de Vigilancia de la Auditor\u00eda Superior de la Federaci\u00f3n (ASF), afirm\u00f3 que en el proceso de selecci\u00f3n del nuevo titular de la ASF, para el periodo 2018-2025, se responder\u00e1 a la expectativa ciudadana de designar a un auditor con capacidad t\u00e9cnica y autonom\u00eda.<\/p>\n<p><strong>Todos esos supuestos<\/strong> incluidos en la convocatoria los cumple S\u00e1nchez Kobashi.<\/p>\n<p><strong>Desde los corrillos:<\/strong><\/p>\n<p><em><strong>Exitosa, Copa de Golf de S\u00edntesis-Bentley<\/strong><\/em><\/p>\n<p>El pasado viernes se llev\u00f3 a cabo la primera <strong>Copa de Golf S\u00edntesis-Bentley<\/strong> en La Vista Country Club.<\/p>\n<p><strong>Con la participaci\u00f3n de 130 jugadores<\/strong> y la confianza de patrocinadores, la copa consigui\u00f3 el principal objetivo: reunir a quienes gustan de la pr\u00e1ctica de este deporte en torno a la convivencia con amigos y familiares.<\/p>\n<p>\u201cLo importante no son los premios -pese a ser muy atractiva la premiaci\u00f3n- sino el valor de la convivencia y la pr\u00e1ctica del deporte\u201d asegur\u00f3 <strong>don Armando Prida Huerta,<\/strong> presidente de la Asociaci\u00f3n Period\u00edstica S\u00edntesis, al dar por concluida la celebraci\u00f3n.<\/p>\n<p>Adem\u00e1s de la calurosa <strong>recepci\u00f3n para los participantes<\/strong>, as\u00ed como comida de premiaci\u00f3n, los asistentes reconocieron una eficiente organizaci\u00f3n y un alto nivel en la competencia.<\/p>\n<p>Entre los galardones que en disputa se encontraron <strong>un autom\u00f3vil Bentley Bentayga \u00faltimo modelo<\/strong>, con valor de m\u00e1s de seis millones de pesos, cuyo primer hole in one en el hoyo 17 no lleg\u00f3, adem\u00e1s de <strong>relojes y un <\/strong>autom\u00f3vil \u00faltimo modelo con valor de 150 mil pesos que fue entregado a un feliz concursante.<\/p>\n<p>Los jugadores hicieron sus mejores tiros para consagrarse<strong> al frente de la Copa.<\/strong><\/p>\n<p><strong>Enrique Prida, vicepresidente de la APS,<\/strong> y creador del torneo, agradeci\u00f3 la confianza tanto de patrocinadores como de participantes.<\/p>\n<p>Enhorabuena a quienes participaron y gracias porque su colaboraci\u00f3n <strong>refleja la confianza de la marca S\u00edntesis.<\/strong><\/p>\n<p>P.D. Al final de la comida y la premiaci\u00f3n se anunci\u00f3 la realizaci\u00f3n de la segunda edici\u00f3n de la Copa S\u00edntesis el pr\u00f3ximo a\u00f1o.<strong> No falten.<\/strong><\/p>\n<p>Gracias y nos seguimos en redes como<strong> @erickbecerra1<\/strong><\/p>\n","protected":false},"excerpt":{"rendered":"<p>Ra\u00fal S\u00e1nchez Kobashi pidi\u00f3 licencia al gobernador Tony Gali por un mes como secretario de Finanzas y Administraci\u00f3n para competir por ser el titular de la Auditor\u00eda Superior de la Federaci\u00f3n (ASF). El responsable del proceso de renovaci\u00f3n de dicha titularidad es el exsecretario general de Gobierno de Puebla, Luis Maldonado Venegas, quien se reuni\u00f3 [&hellip;]<\/p>\n","protected":false},"author":26,"featured_media":73614,"comment_status":"open","ping_status":"open","sticky":false,"template":"","format":"standard","meta":{"footnotes":""},"categories":[3,7],"tags":[2525,18,831,7592,282],"yst_prominent_words":[],"class_list":["post-75703","post","type-post","status-publish","format-standard","has-post-thumbnail","hentry","category-puebla","category-vox","tag-asf","tag-puebla","tag-raul-sanchez-kobashi","tag-secretaria-de-finanzas","tag-tony-gali"],"_links":{"self":[{"href":"https:\/\/sintesis.com.mx\/puebla\/wp-json\/wp\/v2\/posts\/75703"}],"collection":[{"href":"https:\/\/sintesis.com.mx\/puebla\/wp-json\/wp\/v2\/posts"}],"about":[{"href":"https:\/\/sintesis.com.mx\/puebla\/wp-json\/wp\/v2\/types\/post"}],"author":[{"embeddable":true,"href":"https:\/\/sintesis.com.mx\/puebla\/wp-json\/wp\/v2\/users\/26"}],"replies":[{"embeddable":true,"href":"https:\/\/sintesis.com.mx\/puebla\/wp-json\/wp\/v2\/comments?post=75703"}],"version-history":[{"count":0,"href":"https:\/\/sintesis.com.mx\/puebla\/wp-json\/wp\/v2\/posts\/75703\/revisions"}],"wp:featuredmedia":[{"embeddable":true,"href":"https:\/\/sintesis.com.mx\/puebla\/wp-json\/wp\/v2\/media\/73614"}],"wp:attachment":[{"href":"https:\/\/sintesis.com.mx\/puebla\/wp-json\/wp\/v2\/media?parent=75703"}],"wp:term":[{"taxonomy":"category","embeddable":true,"href":"https:\/\/sintesis.com.mx\/puebla\/wp-json\/wp\/v2\/categories?post=75703"},{"taxonomy":"post_tag","embeddable":true,"href":"https:\/\/sintesis.com.mx\/puebla\/wp-json\/wp\/v2\/tags?post=75703"},{"taxonomy":"yst_prominent_words","embeddable":true,"href":"https:\/\/sintesis.com.mx\/puebla\/wp-json\/wp\/v2\/yst_prominent_words?post=75703"}],"curies":[{"name":"wp","href":"https:\/\/api.w.org\/{rel}","templated":true}]}}