{"id":89038,"date":"2018-02-28T14:40:31","date_gmt":"2018-02-28T20:40:31","guid":{"rendered":"http:\/\/sintesis.com.mx\/puebla\/?p=89038"},"modified":"2018-02-28T14:42:50","modified_gmt":"2018-02-28T20:42:50","slug":"puebla-sera-sede-de-convencion-internacional-de-alcoholicos-anonimos","status":"publish","type":"post","link":"https:\/\/sintesis.com.mx\/puebla\/2018\/02\/28\/puebla-sera-sede-de-convencion-internacional-de-alcoholicos-anonimos\/","title":{"rendered":"Puebla ser\u00e1 sede de Convenci\u00f3n Internacional de Alcoh\u00f3licos An\u00f3nimos"},"content":{"rendered":"<p>En un a\u00f1o, en marzo del 2019, Puebla ser\u00e1 sede de la <strong>Convenci\u00f3n Internacional de Alcoh\u00f3licos An\u00f3nimos<\/strong>, que sumar\u00e1 75 mil asistentes de diversas naciones del continente, confirmo el director de la Asociaci\u00f3n Nacional Hotelera, Gustavo Ponce de Le\u00f3n Tob\u00f3n.<\/p>\n<p>Indic\u00f3 que la convenci\u00f3n del 1 al 3 de marzo del 2019 sumar\u00e1 representantes de ese movimiento procedentes de <strong>Estados Unidos, Canad\u00e1, Centro y Sudam\u00e9rica,<\/strong> por lo cual esta semana se hicieron ya las reservas con diversos corporativos hoteleros para asegurar hospedajes.<\/p>\n<p>Explic\u00f3 que los hospedajes no solamente involucrar\u00e1n la infraestructura existente en Puebla capital, sino en zonas aleda\u00f1as como Atlixco, Cholula, Tlaxcala, Huejotzingo, Texmelucan e incluso Tehuac\u00e1n, dado el volumen de convencionistas.<\/p>\n<p>Refiri\u00f3 que la mayor\u00eda de los 150 hoteles asociados prev\u00e9n dos noches de pernocta, al igual que en las pr\u00f3ximas vacaciones de Semana Santa y la Procesi\u00f3n del Viernes Santo, que en muchos casos tiene una serie de clientes arraigados, en especial en las zonas donde se hace el recorrido de la marcha religiosa.<\/p>\n<p>Se\u00f1al\u00f3 que para las pr\u00f3ximas vacaciones se tienen ya reservaciones al 80 por ciento y se esperan llenos totales, en especial en la zona del Centro Hist\u00f3rico.<\/p>\n<p>Ponce de Le\u00f3n Tob\u00f3n abund\u00f3 que hace tres d\u00e9cadas cuando arranc\u00f3 la procesi\u00f3n de Viernes Santo se sumaban unos ocho mil asistentes y a la fecha son unos 125 mil los que acuden, gran parte de los cuales se hospedan con familiares y amigos, adem\u00e1s de hoteles.<\/p>\n<p>Por otra parte inform\u00f3 que el sector mantiene ocupaciones promedio del 50 por ciento, registr\u00e1ndose un primer bimestre dif\u00edcil que no tuvo los repuntes esperados en fechas como el 14 de febrero debido a que coincidi\u00f3 con el mi\u00e9rcoles de ceniza.<\/p>\n<p>En paralelo, confirm\u00f3 se est\u00e1n dando pl\u00e1ticas hotel por hotel para evitar delincuencia organizada vinculada con incidentes como trata de personas y extorsiones.<\/p>\n","protected":false},"excerpt":{"rendered":"<p>En un a\u00f1o, en marzo del 2019, Puebla ser\u00e1 sede de la Convenci\u00f3n Internacional de Alcoh\u00f3licos An\u00f3nimos<\/p>\n","protected":false},"author":7,"featured_media":0,"comment_status":"open","ping_status":"open","sticky":false,"template":"","format":"standard","meta":{"footnotes":""},"categories":[3],"tags":[1327,3017,243,4098,27,18,9294,3780,2585],"yst_prominent_words":[],"class_list":["post-89038","post","type-post","status-publish","format-standard","hentry","category-puebla","tag-alcoholicos-anonimos","tag-canada","tag-estados-unidos","tag-hoteles","tag-hoyesnoticia","tag-puebla","tag-semana-santa","tag-sudamerica","tag-turistas"],"_links":{"self":[{"href":"https:\/\/sintesis.com.mx\/puebla\/wp-json\/wp\/v2\/posts\/89038"}],"collection":[{"href":"https:\/\/sintesis.com.mx\/puebla\/wp-json\/wp\/v2\/posts"}],"about":[{"href":"https:\/\/sintesis.com.mx\/puebla\/wp-json\/wp\/v2\/types\/post"}],"author":[{"embeddable":true,"href":"https:\/\/sintesis.com.mx\/puebla\/wp-json\/wp\/v2\/users\/7"}],"replies":[{"embeddable":true,"href":"https:\/\/sintesis.com.mx\/puebla\/wp-json\/wp\/v2\/comments?post=89038"}],"version-history":[{"count":0,"href":"https:\/\/sintesis.com.mx\/puebla\/wp-json\/wp\/v2\/posts\/89038\/revisions"}],"wp:attachment":[{"href":"https:\/\/sintesis.com.mx\/puebla\/wp-json\/wp\/v2\/media?parent=89038"}],"wp:term":[{"taxonomy":"category","embeddable":true,"href":"https:\/\/sintesis.com.mx\/puebla\/wp-json\/wp\/v2\/categories?post=89038"},{"taxonomy":"post_tag","embeddable":true,"href":"https:\/\/sintesis.com.mx\/puebla\/wp-json\/wp\/v2\/tags?post=89038"},{"taxonomy":"yst_prominent_words","embeddable":true,"href":"https:\/\/sintesis.com.mx\/puebla\/wp-json\/wp\/v2\/yst_prominent_words?post=89038"}],"curies":[{"name":"wp","href":"https:\/\/api.w.org\/{rel}","templated":true}]}}