{"id":89394,"date":"2018-03-02T17:23:25","date_gmt":"2018-03-02T23:23:25","guid":{"rendered":"http:\/\/sintesis.com.mx\/puebla\/?p=89394"},"modified":"2018-03-02T17:23:25","modified_gmt":"2018-03-02T23:23:25","slug":"la-regularizacion-ante-el-sat-es-lo-mejor-evita-corrupcion-auditora","status":"publish","type":"post","link":"https:\/\/sintesis.com.mx\/puebla\/2018\/03\/02\/la-regularizacion-ante-el-sat-es-lo-mejor-evita-corrupcion-auditora\/","title":{"rendered":"La regularizaci\u00f3n ante el SAT es lo mejor, evita corrupci\u00f3n: auditora"},"content":{"rendered":"<p>Definitivamente la regularizaci\u00f3n ante el <strong>Servicio de Administraci\u00f3n Tributaria<\/strong> (SAT) es lo mejor para cualquier empresa, pues con ello no se sigue fomentando la corrupci\u00f3n y las \u201c<strong>mordidas<\/strong>\u201d, sin embargo, es preciso acudir a profesionales en la materia para estar al d\u00eda y afortunadamente los j\u00f3venes profesionistas cada vez se preparan mejor para enfrentar nuevo retos.<\/p>\n<p>Dado que las <strong>nuevas generaciones<\/strong> ya no se ven como las personas que tengan que conseguir un buen trabajo y luego tener acceso a una pensi\u00f3n, m\u00e1s bien ya se est\u00e1n formando en <strong>una mentalidad empresarial<\/strong>, es importante conocer cada punto que pueda beneficiar a su negocio, uno de ellos el tema de la contabilidad.<\/p>\n<p style=\"text-align: center;\"><em>\u201cSiempre se requiere que un profesionista apoye al empresario, porque el empresario est\u00e1 dedicado a producir y sacar adelante su negocio, sea en el r\u00e9gimen que sea, incorporaci\u00f3n fiscal, persona f\u00edsica o moral. Hay gente profesional que puede y lo sabe hacer\u201d, dijo Yadira Pacheco Navarro, contador p\u00fablico y auditor de Navarro y Asociados.<\/em><\/p>\n<p>Coincidi\u00f3 en que es la Contabilidad, al lado de Medicina y Derecho, una de las profesiones que los j\u00f3venes m\u00e1s solicitan, as\u00ed mismo <strong>descart\u00f3<\/strong> que las carreras que van surgiendo con todos los avances industriales y cambios tecnol\u00f3gicos, la sustituyan, todo lo contrario, son un complemento dados los nuevos requerimientos de facturaci\u00f3n electr\u00f3nica, por ejemplo.<\/p>\n<p>En este sentido record\u00f3 que actualmente todo lo que es el \u00e1rea de contabilidad y facturaci\u00f3n, se est\u00e1 manejando a trav\u00e9s de <strong>sistematizaci\u00f3n y \u00e1rea digital<\/strong>, temas pol\u00e9micos y de transici\u00f3n para cualquier empresa y persona que est\u00e9 dada de alta ante el SAT, pero tambi\u00e9n para<strong> los contadores<\/strong>, quienes deben estar al d\u00eda, pues el esquema de facturaci\u00f3n nuevo, CFDI 3.3, tiene requisitos detallados para ser v\u00e1lidos.<\/p>\n<p>Ello, para evitar facturas ap\u00f3crifas y negocios il\u00edcitos que lleven a un lavado de dinero, sostuvo la auditora, tambi\u00e9n para evitar esa vieja pr\u00e1ctica de dar \u201c<strong>la mordida<\/strong>\u201d a \u201c<strong>X<\/strong>\u201d autoridad en el entendimiento de que como empresario no est\u00e1s en orden.<\/p>\n<p>Para el contribuyente al final del d\u00eda viene el beneficio de trabajar mejor, ver mejores ganancias y acceder a la deducci\u00f3n de impuestos as\u00ed como a los <strong>recursos federales<\/strong> para poder agrandar su negocio, siempre y cuando, se est\u00e9 en regla.<\/p>\n","protected":false},"excerpt":{"rendered":"<p>Siempre se requiere que un profesionista apoye al empresario, porque el empresario est\u00e1 dedicado a producir y sacar adelante su negocio<\/p>\n","protected":false},"author":13,"featured_media":0,"comment_status":"open","ping_status":"open","sticky":false,"template":"","format":"standard","meta":{"footnotes":""},"categories":[3],"tags":[10354,10355,3819,27,8254,18,1331],"yst_prominent_words":[],"class_list":["post-89394","post","type-post","status-publish","format-standard","hentry","category-puebla","tag-contabilidad","tag-emprendedores","tag-factura-electronica-3-3","tag-hoyesnoticia","tag-hoyesnoticiaapp","tag-puebla","tag-sat"],"_links":{"self":[{"href":"https:\/\/sintesis.com.mx\/puebla\/wp-json\/wp\/v2\/posts\/89394"}],"collection":[{"href":"https:\/\/sintesis.com.mx\/puebla\/wp-json\/wp\/v2\/posts"}],"about":[{"href":"https:\/\/sintesis.com.mx\/puebla\/wp-json\/wp\/v2\/types\/post"}],"author":[{"embeddable":true,"href":"https:\/\/sintesis.com.mx\/puebla\/wp-json\/wp\/v2\/users\/13"}],"replies":[{"embeddable":true,"href":"https:\/\/sintesis.com.mx\/puebla\/wp-json\/wp\/v2\/comments?post=89394"}],"version-history":[{"count":0,"href":"https:\/\/sintesis.com.mx\/puebla\/wp-json\/wp\/v2\/posts\/89394\/revisions"}],"wp:attachment":[{"href":"https:\/\/sintesis.com.mx\/puebla\/wp-json\/wp\/v2\/media?parent=89394"}],"wp:term":[{"taxonomy":"category","embeddable":true,"href":"https:\/\/sintesis.com.mx\/puebla\/wp-json\/wp\/v2\/categories?post=89394"},{"taxonomy":"post_tag","embeddable":true,"href":"https:\/\/sintesis.com.mx\/puebla\/wp-json\/wp\/v2\/tags?post=89394"},{"taxonomy":"yst_prominent_words","embeddable":true,"href":"https:\/\/sintesis.com.mx\/puebla\/wp-json\/wp\/v2\/yst_prominent_words?post=89394"}],"curies":[{"name":"wp","href":"https:\/\/api.w.org\/{rel}","templated":true}]}}