{"id":91507,"date":"2018-03-17T16:32:57","date_gmt":"2018-03-17T22:32:57","guid":{"rendered":"http:\/\/sintesis.com.mx\/puebla\/?p=91507"},"modified":"2018-03-17T16:33:22","modified_gmt":"2018-03-17T22:33:22","slug":"anuncian-tercera-copa-champions","status":"publish","type":"post","link":"https:\/\/sintesis.com.mx\/puebla\/2018\/03\/17\/anuncian-tercera-copa-champions\/","title":{"rendered":"Anuncian tercera edici\u00f3n de la Copa Champions"},"content":{"rendered":"<p>M\u00e1s de 9 mil jugadores son los que participar\u00e1n en la tercera edici\u00f3n de la <strong>Copa Champions<\/strong>, certamen que arrancar\u00e1 este 21 de abril en todo el estado, as\u00ed lo dio a conocer el mandatario estatal, <strong>Antonio Gali Fayad<\/strong>, quien expres\u00f3 que este torneo busca fomentar la actividad f\u00edsica para alejar a los j\u00f3venes de los vicios y problemas sociales.<\/p>\n<p>En los campos de la Noria F.C., se llev\u00f3 a cabo esta presentaci\u00f3n, de uno de los torneos m\u00e1s importantes del estado y el cual aglutina al mayor n\u00famero de equipos en las seis categor\u00edas. En esta nueva edici\u00f3n ser\u00e1n 488 escuadras las que estar\u00e1n buscando la corona de este certamen, el cual <strong>se efectuar\u00e1 del 21 de abril al 8 de julio<\/strong>.<\/p>\n<p style=\"text-align: center;\"><strong>\u201cQuiero ir m\u00e1s all\u00e1, llegar a todas las regiones del estado y que con este torneo motivemos a los j\u00f3venes, este es un torneo donde todo se les paga y jugar\u00e1n en canchas del mejor nivel, luchemos para que el deporte crezca. Me siento orgullos\u00edsimo porque podemos decir que de dos torneos tenemos 20 mil poblanos renovados y siguen luchando y siguen ustedes metiendo otros jugadores m\u00e1s j\u00f3venes a sus equipos\u201d, expres\u00f3 el ejecutivo.<\/strong><\/p>\n<p>Al igual que en ediciones anteriores, en los encuentros se contar\u00e1 con la presencia de visores de los clubes Puebla y Lobos BUAP ya que este torneo como objetivo principal busca alejar a los ni\u00f1os y j\u00f3venes de las drogas.<\/p>\n<p style=\"text-align: center;\"><strong>\u201cLa ruta f\u00e1cil es la ruta m\u00e1s dif\u00edcil, he visto como se arrepiente los j\u00f3venes por un momento que tuvieron y que se van a prisi\u00f3n, no podemos ver a j\u00f3venes destruidos por este tipo de situaciones como el huachicol\u201d.<\/strong><\/p>\n<p>El encargado de despacho del Instituto Poblano del Deporte y Juventud, Carlos Alberto Poblete se\u00f1al\u00f3 que entre las principales innovaciones de este torneo son los juegos que sostendr\u00e1n los campeones con equipos de primera divisi\u00f3n.<\/p>\n<p>Y es que el siguiente mes, los ganadores de la segunda edici\u00f3n tendr\u00e1n esta gran oportunidad, tal es el caso del campe\u00f3n de la Sub 17, Centro Escolar Ni\u00f1os H\u00e9roes de Chapultepec (Cenhch),que se medir\u00e1 ante un combinado del Am\u00e9rica en el estadio Azteca. Los subcampeones, Tehuac\u00e1n, enfrentar\u00e1n a un combinado Sub 17 del Toluca, en los campos de Metepec, Estado de M\u00e9xico.<\/p>\n<p>Y el tercer lugar, Soccer Zone\u00a0 se enfrentar\u00e1n ante \u00a0un combinado del equipo Lobos BUAP y asistir\u00e1n al juego Lobos -Puebla.<\/p>\n<figure id=\"attachment_91509\" aria-describedby=\"caption-attachment-91509\" style=\"width: 1280px\" class=\"wp-caption alignnone\"><img loading=\"lazy\" decoding=\"async\" class=\"wp-image-91509 size-full\" src=\"http:\/\/sintesis.com.mx\/puebla\/wp-content\/uploads\/2018\/03\/galid1.jpg\" alt=\"\" width=\"1280\" height=\"960\" \/><figcaption id=\"caption-attachment-91509\" class=\"wp-caption-text\">Acompa\u00f1ado por el edil de San Andr\u00e9s Cholula, el ejecutivo dio a conocer la importancia de este certamen deportivo<\/figcaption><\/figure>\n","protected":false},"excerpt":{"rendered":"<p>M\u00e1s de 9 mil jugadores son los que participar\u00e1n en la tercera edici\u00f3n de la Copa Champions, certamen que arrancar\u00e1 este 21 de abril<\/p>\n","protected":false},"author":6,"featured_media":0,"comment_status":"open","ping_status":"open","sticky":false,"template":"","format":"standard","meta":{"footnotes":""},"categories":[4],"tags":[175,3877,176,5389,10791,69,18,23],"yst_prominent_words":[],"class_list":["post-91507","post","type-post","status-publish","format-standard","hentry","category-deportes","tag-antonio-gali-fayad","tag-carlos-alberto-poblete","tag-copa-champions","tag-gobernador","tag-instituto-poblano-del-deporte-y-juventud","tag-lobos-buap","tag-puebla","tag-slide"],"_links":{"self":[{"href":"https:\/\/sintesis.com.mx\/puebla\/wp-json\/wp\/v2\/posts\/91507"}],"collection":[{"href":"https:\/\/sintesis.com.mx\/puebla\/wp-json\/wp\/v2\/posts"}],"about":[{"href":"https:\/\/sintesis.com.mx\/puebla\/wp-json\/wp\/v2\/types\/post"}],"author":[{"embeddable":true,"href":"https:\/\/sintesis.com.mx\/puebla\/wp-json\/wp\/v2\/users\/6"}],"replies":[{"embeddable":true,"href":"https:\/\/sintesis.com.mx\/puebla\/wp-json\/wp\/v2\/comments?post=91507"}],"version-history":[{"count":0,"href":"https:\/\/sintesis.com.mx\/puebla\/wp-json\/wp\/v2\/posts\/91507\/revisions"}],"wp:attachment":[{"href":"https:\/\/sintesis.com.mx\/puebla\/wp-json\/wp\/v2\/media?parent=91507"}],"wp:term":[{"taxonomy":"category","embeddable":true,"href":"https:\/\/sintesis.com.mx\/puebla\/wp-json\/wp\/v2\/categories?post=91507"},{"taxonomy":"post_tag","embeddable":true,"href":"https:\/\/sintesis.com.mx\/puebla\/wp-json\/wp\/v2\/tags?post=91507"},{"taxonomy":"yst_prominent_words","embeddable":true,"href":"https:\/\/sintesis.com.mx\/puebla\/wp-json\/wp\/v2\/yst_prominent_words?post=91507"}],"curies":[{"name":"wp","href":"https:\/\/api.w.org\/{rel}","templated":true}]}}