{"id":93252,"date":"2018-03-30T16:16:58","date_gmt":"2018-03-30T22:16:58","guid":{"rendered":"http:\/\/sintesis.com.mx\/puebla\/?p=93252"},"modified":"2018-03-30T16:16:58","modified_gmt":"2018-03-30T22:16:58","slug":"arrancan-campana-candidatos-de-morena","status":"publish","type":"post","link":"https:\/\/sintesis.com.mx\/puebla\/2018\/03\/30\/arrancan-campana-candidatos-de-morena\/","title":{"rendered":"Arrancan campa\u00f1a candidatos de Morena"},"content":{"rendered":"<p>Los candidatos al senado de la rep\u00fablica y a las diputaciones federales arrancaron su campa\u00f1a el primer minuto del viernes 30 con un acto simb\u00f3lico en el <strong>Z\u00f3calo de Puebla<\/strong>, aunque iniciar\u00e1n formalmente sus actos la pr\u00f3xima semana.<\/p>\n<p>En la plaza de las armas estuvo presente la f\u00f3rmula conformada por <strong>Alejandro Armenta y Nancy de la Sierra<\/strong>, quienes afirmaron estar listos para la elecci\u00f3n del 1 de julio.<\/p>\n<p>Tambi\u00e9n, el dirigente estatal <strong>Gabriel Biestro<\/strong>, quien estuvo en el acto, lament\u00f3 la postura del ayuntamiento de Puebla, ya que envi\u00f3 un bolet\u00edn donde <a href=\"http:\/\/sintesis.com.mx\/puebla\/2018\/03\/29\/comuna-niega-morena-iniciar-campana-zocalo-puebla\/\" target=\"_blank\" rel=\"noopener\"><strong>describ\u00eda la prohibici\u00f3n<\/strong><\/a> para realizar eventos pol\u00edticos.<\/p>\n<p>Al respecto, dijo que <strong>no fue un mitin,<\/strong> sino una reuni\u00f3n de cuidadnos de tal manera que <strong>no existen elementos<\/strong> que acrediten una sanci\u00f3n.<\/p>\n<h2><strong>Puebla no es panista <\/strong><\/h2>\n<p>En tanto, Alejandro Armenta <strong>nuevamente critic\u00f3<\/strong> el uso de las instituciones para favorecer al partido a fin al gobierno, pero advirti\u00f3 que <strong>pese a las intentonas<\/strong> no podr\u00e1n frenar a Morena ni a sus candidatos, los cuales, asegur\u00f3, tienen la simpat\u00eda de los poblanos.<\/p>\n<p>Mencion\u00f3 que cada d\u00eda <strong>se van sumando<\/strong> al proyecto de naci\u00f3n impulsado por Andr\u00e9s Manuel L\u00f3pez Obrador, mismo que encabeza las preferencias a nivel nacional y de la cual Puebla <strong>no es excepci\u00f3n<\/strong>.<\/p>\n<p>Al final, se\u00f1alaron que <strong>ser\u00e1 la pr\u00f3xima semana<\/strong> cuando inicien al cien sus campa\u00f1as.<\/p>\n<p>&nbsp;<\/p>\n","protected":false},"excerpt":{"rendered":"<p>En la plaza de las armas estuvo presente la f\u00f3rmula conformada por Alejandro Armenta y Nancy de la Sierra<\/p>\n","protected":false},"author":9,"featured_media":0,"comment_status":"open","ping_status":"open","sticky":false,"template":"","format":"standard","meta":{"footnotes":""},"categories":[3],"tags":[11125,27,332,18],"yst_prominent_words":[],"class_list":["post-93252","post","type-post","status-publish","format-standard","hentry","category-puebla","tag-arranque-de-campana","tag-hoyesnoticia","tag-morena","tag-puebla"],"_links":{"self":[{"href":"https:\/\/sintesis.com.mx\/puebla\/wp-json\/wp\/v2\/posts\/93252"}],"collection":[{"href":"https:\/\/sintesis.com.mx\/puebla\/wp-json\/wp\/v2\/posts"}],"about":[{"href":"https:\/\/sintesis.com.mx\/puebla\/wp-json\/wp\/v2\/types\/post"}],"author":[{"embeddable":true,"href":"https:\/\/sintesis.com.mx\/puebla\/wp-json\/wp\/v2\/users\/9"}],"replies":[{"embeddable":true,"href":"https:\/\/sintesis.com.mx\/puebla\/wp-json\/wp\/v2\/comments?post=93252"}],"version-history":[{"count":0,"href":"https:\/\/sintesis.com.mx\/puebla\/wp-json\/wp\/v2\/posts\/93252\/revisions"}],"wp:attachment":[{"href":"https:\/\/sintesis.com.mx\/puebla\/wp-json\/wp\/v2\/media?parent=93252"}],"wp:term":[{"taxonomy":"category","embeddable":true,"href":"https:\/\/sintesis.com.mx\/puebla\/wp-json\/wp\/v2\/categories?post=93252"},{"taxonomy":"post_tag","embeddable":true,"href":"https:\/\/sintesis.com.mx\/puebla\/wp-json\/wp\/v2\/tags?post=93252"},{"taxonomy":"yst_prominent_words","embeddable":true,"href":"https:\/\/sintesis.com.mx\/puebla\/wp-json\/wp\/v2\/yst_prominent_words?post=93252"}],"curies":[{"name":"wp","href":"https:\/\/api.w.org\/{rel}","templated":true}]}}