{"id":96674,"date":"2018-04-22T16:01:12","date_gmt":"2018-04-22T21:01:12","guid":{"rendered":"http:\/\/sintesis.com.mx\/puebla\/?p=96674"},"modified":"2018-04-22T16:01:45","modified_gmt":"2018-04-22T21:01:45","slug":"yuridia-palenque-feria-de-puebla","status":"publish","type":"post","link":"https:\/\/sintesis.com.mx\/puebla\/2018\/04\/22\/yuridia-palenque-feria-de-puebla\/","title":{"rendered":"Yuridia abarrota el Palenque de la Feria de Puebla"},"content":{"rendered":"<p>La cantante <strong>Yuridia<\/strong> convoc\u00f3 a m\u00e1s de 5 mil seguidores durante la noche del s\u00e1bado en el <strong>Palenque<\/strong> de la <strong>Feria de Puebla 2018,<\/strong> donde a lo largo de<span class=\"Apple-converted-space\">\u00a0<\/span>casi dos horas interpret\u00f3 los temas que la han colocado en los primeros lugares de popularidad por m\u00e1s de una d\u00e9cada.<span class=\"Apple-converted-space\">\u00a0<\/span><\/p>\n<p>El show de la sonorense, lleno de coreograf\u00edas y cambios de vestuario, respondi\u00f3 a la gira alrededor del <strong><em>Primera Fila<\/em><\/strong>\u00a0que grab\u00f3 a finales del a\u00f1o pasado, cuyo sencillo de lanzamiento fue <strong><em>Amigos no por favor<\/em><\/strong>, uno de los temas in\u00e9ditos que se sumaron a la lista de \u00e9xitos coreados en la velada.<\/p>\n<p>Fue despu\u00e9s de la media noche que<span class=\"Apple-converted-space\">\u00a0<\/span>Yuridia apareci\u00f3 en escena para arrancar gritos de emoci\u00f3n de parte de una audiencia confirmada en su mayor\u00eda por mujeres. \u201cBuenas noches. Gracias por estar aqu\u00ed\u201d, apunt\u00f3 en una primera intervenci\u00f3n.<\/p>\n<p>Entre los temas del <strong><em>Primera Fila<\/em><\/strong>, producido bajo la batuta de <strong>Sony Music<\/strong>, destacaron <strong><em>La duda<\/em><\/strong>, <strong><em>Resp\u00f3ndeme t\u00fa<\/em><\/strong>\u00a0y <strong><em>Que nadie se entere<\/em><\/strong>. Pero las canciones que la hicieron sobresalir durante su paso por La Academia no pudieron faltar, entre ellas <strong><em>Maldita primavera<\/em><\/strong>, <strong><em>\u00c1ngel<\/em><\/strong>\u00a0y <strong><em>Se\u00f1ora<\/em><\/strong>.<\/p>\n<p><strong><em>Noche de copas<\/em><\/strong>, <strong><em>Ya te olvide<\/em><\/strong>, <strong><em>Te equivocaste<\/em><\/strong>, <strong><em>Cobarde<\/em><\/strong>\u00a0y <strong><em>C\u00f3mo yo te amo<\/em><\/strong>, tambi\u00e9n llegaron a lo largo del show, arrancando suspiros entre el p\u00fablico. Despu\u00e9s de Puebla, Yuridia continuar\u00e1 con su gira con dos presentaciones en el <strong>Auditorio Nacional<\/strong> de la <strong>Ciudad de M\u00e9xico<\/strong> los d\u00edas <strong>11 y 12 de mayo<\/strong>.<\/p>\n","protected":false},"excerpt":{"rendered":"<p>Con \u00e9xitos de su m\u00e1s reciente producci\u00f3n y temas clave de su repertorio, la cantante Yuridia convoc\u00f3 a m\u00e1s de 5 mil seguidores<\/p>\n","protected":false},"author":13,"featured_media":0,"comment_status":"open","ping_status":"open","sticky":false,"template":"","format":"standard","meta":{"footnotes":""},"categories":[6,3],"tags":[6414,11640,8771,6416,23,8253,6415],"yst_prominent_words":[],"class_list":["post-96674","post","type-post","status-publish","format-standard","hentry","category-entretenimiento","category-puebla","tag-amigos-no-por-favor","tag-feria-de-puebla-2018","tag-palenque","tag-primera-fila","tag-slide","tag-slideapp","tag-yuridia"],"_links":{"self":[{"href":"https:\/\/sintesis.com.mx\/puebla\/wp-json\/wp\/v2\/posts\/96674"}],"collection":[{"href":"https:\/\/sintesis.com.mx\/puebla\/wp-json\/wp\/v2\/posts"}],"about":[{"href":"https:\/\/sintesis.com.mx\/puebla\/wp-json\/wp\/v2\/types\/post"}],"author":[{"embeddable":true,"href":"https:\/\/sintesis.com.mx\/puebla\/wp-json\/wp\/v2\/users\/13"}],"replies":[{"embeddable":true,"href":"https:\/\/sintesis.com.mx\/puebla\/wp-json\/wp\/v2\/comments?post=96674"}],"version-history":[{"count":0,"href":"https:\/\/sintesis.com.mx\/puebla\/wp-json\/wp\/v2\/posts\/96674\/revisions"}],"wp:attachment":[{"href":"https:\/\/sintesis.com.mx\/puebla\/wp-json\/wp\/v2\/media?parent=96674"}],"wp:term":[{"taxonomy":"category","embeddable":true,"href":"https:\/\/sintesis.com.mx\/puebla\/wp-json\/wp\/v2\/categories?post=96674"},{"taxonomy":"post_tag","embeddable":true,"href":"https:\/\/sintesis.com.mx\/puebla\/wp-json\/wp\/v2\/tags?post=96674"},{"taxonomy":"yst_prominent_words","embeddable":true,"href":"https:\/\/sintesis.com.mx\/puebla\/wp-json\/wp\/v2\/yst_prominent_words?post=96674"}],"curies":[{"name":"wp","href":"https:\/\/api.w.org\/{rel}","templated":true}]}}