{"id":97620,"date":"2018-04-28T14:11:45","date_gmt":"2018-04-28T19:11:45","guid":{"rendered":"http:\/\/sintesis.com.mx\/puebla\/?p=97620"},"modified":"2018-04-28T14:11:45","modified_gmt":"2018-04-28T19:11:45","slug":"maquilas-suman-mas-ventas","status":"publish","type":"post","link":"https:\/\/sintesis.com.mx\/puebla\/2018\/04\/28\/maquilas-suman-mas-ventas\/","title":{"rendered":"Maquilas suman m\u00e1s ventas en M\u00e9xico que en mercados de exportaci\u00f3n"},"content":{"rendered":"<p>Por primera vez<strong> las manufacturas IMMEX radicadas en Puebla registraron mayores ventas<\/strong> en los mercados local y nacional que en exportaciones, al aportar 52.6 por ciento de los 40 mil 239.55 millones de pesos.<\/p>\n<p>La cifra representa, no obstante, una baja de alrededor del -4.54 por ciento en las ventas de las <strong>Industrias Manufactureras, Maquiladora y de Servicios de Exportaci\u00f3n (IMMEX)<\/strong> de Puebla, que el primer bimestre del a\u00f1o pasado rebasaron los 42 mil 153.1 millones de pesos.<\/p>\n<p>El mercado local report\u00f3 en el primer bimestre ventas por 21 mil 170.4 millones de pesos, para un crecimiento del 5.68 por ciento, en contraste con los mercados de exportaci\u00f3n que se contrajeron en -13.8 por ciento, con base en las cifras del Instituto Nacional de Estad\u00edstica y Geograf\u00eda (INEGI).<\/p>\n<p>La contracci\u00f3n en m\u00e1s de tres mil millones de pesos en ventas al extranjero se explica por la baja en unidades ensambladas de la industria automotriz y en menor medida en prendas de vestir al arranque del a\u00f1o.<\/p>\n<p>No obstante, en <strong>Puebla creci\u00f3 el sector a 190 establecimientos, en contraste a los 185 que se registraban en el primer bimestre del a\u00f1o<\/strong> previo.<\/p>\n<p>En el sector suman 81 mil 627 ocupados, es decir un crecimiento a tasa anual del 1.96 por ciento a febrero del 2018.<\/p>\n<p>La cifra contrasta con la reportada al cierre de noviembre del 2017 por las Industrias Manufactureras, Maquiladora y de Servicios de Exportaci\u00f3n en Puebla que sumaron 83 mil 519 ocupaciones, la mayor cifra en la historia del sector, con crecimientos a tasa anual del 6.92 por ciento<\/p>\n<p>En la industria se reportan 49 mil 734 obreros dentro de planta y 13 mil 827 obreros subcontratados fuera de las instalaciones industriales,\u00a0 as\u00ed como 13 mil 428 administrativos en planta y cuatro mil 638 externos.<\/p>\n","protected":false},"excerpt":{"rendered":"<p>Las manufacturas IMMEX radicadas en Puebla registraron mayores ventas en los mercados local y nacional que en exportaciones<\/p>\n","protected":false},"author":7,"featured_media":0,"comment_status":"open","ping_status":"open","sticky":false,"template":"","format":"standard","meta":{"footnotes":""},"categories":[3],"tags":[1657,27,1654,11946,1655,18,1656],"yst_prominent_words":[],"class_list":["post-97620","post","type-post","status-publish","format-standard","hentry","category-puebla","tag-exportacion","tag-hoyesnoticia","tag-immex","tag-industrias-manufactureras","tag-maquila","tag-puebla","tag-ventas"],"_links":{"self":[{"href":"https:\/\/sintesis.com.mx\/puebla\/wp-json\/wp\/v2\/posts\/97620"}],"collection":[{"href":"https:\/\/sintesis.com.mx\/puebla\/wp-json\/wp\/v2\/posts"}],"about":[{"href":"https:\/\/sintesis.com.mx\/puebla\/wp-json\/wp\/v2\/types\/post"}],"author":[{"embeddable":true,"href":"https:\/\/sintesis.com.mx\/puebla\/wp-json\/wp\/v2\/users\/7"}],"replies":[{"embeddable":true,"href":"https:\/\/sintesis.com.mx\/puebla\/wp-json\/wp\/v2\/comments?post=97620"}],"version-history":[{"count":0,"href":"https:\/\/sintesis.com.mx\/puebla\/wp-json\/wp\/v2\/posts\/97620\/revisions"}],"wp:attachment":[{"href":"https:\/\/sintesis.com.mx\/puebla\/wp-json\/wp\/v2\/media?parent=97620"}],"wp:term":[{"taxonomy":"category","embeddable":true,"href":"https:\/\/sintesis.com.mx\/puebla\/wp-json\/wp\/v2\/categories?post=97620"},{"taxonomy":"post_tag","embeddable":true,"href":"https:\/\/sintesis.com.mx\/puebla\/wp-json\/wp\/v2\/tags?post=97620"},{"taxonomy":"yst_prominent_words","embeddable":true,"href":"https:\/\/sintesis.com.mx\/puebla\/wp-json\/wp\/v2\/yst_prominent_words?post=97620"}],"curies":[{"name":"wp","href":"https:\/\/api.w.org\/{rel}","templated":true}]}}