{"id":98847,"date":"2018-05-07T13:09:21","date_gmt":"2018-05-07T18:09:21","guid":{"rendered":"http:\/\/sintesis.com.mx\/puebla\/?p=98847"},"modified":"2018-05-07T13:09:21","modified_gmt":"2018-05-07T18:09:21","slug":"muere-hombre-frente-al-rastro-municipal","status":"publish","type":"post","link":"https:\/\/sintesis.com.mx\/puebla\/2018\/05\/07\/muere-hombre-frente-al-rastro-municipal\/","title":{"rendered":"Muere hombre frente al rastro municipal"},"content":{"rendered":"<p>Durante la madrugada de este lunes, <strong>se report\u00f3 al n\u00famero de emergencia del cuerpo de una persona sobre la carretera federal Puebla-Tlaxcala<\/strong>, a la altura del rastro municipal.<\/p>\n<p>Polic\u00edas y param\u00e9dicos acudieron al lugar y confirmaron que el hombre, de aproximadamente 50 a\u00f1os de edad, carec\u00eda de signos vitales por lesiones en la cabeza, derivado de un aparente traumatismo.<\/p>\n<p>En el lugar <strong>se realizaron las diligencias del levantamiento de cad\u00e1ver<\/strong> de qui\u00e9n qued\u00f3 en calidad de desconocido y se realiz\u00f3 el trasladado al anfiteatro para determinar la causa de la muerte.<\/p>\n<p>Cabe se\u00f1alar que la <strong>Fiscal\u00eda General del Estado<\/strong> ha iniciado la investigaci\u00f3n para determinar la mec\u00e1nica de lo ocurrido, debido a que existen dos versiones, una que fue atropellado y la otra que fue dejado en lugar.<\/p>\n<p>&nbsp;<\/p>\n","protected":false},"excerpt":{"rendered":"<p>Se report\u00f3 al n\u00famero de emergencia del cuerpo de una persona sobre la carretera federal Puebla-Tlaxcala, a la altura del rastro municipal.<\/p>\n","protected":false},"author":26,"featured_media":0,"comment_status":"open","ping_status":"open","sticky":false,"template":"","format":"standard","meta":{"footnotes":""},"categories":[1285,3],"tags":[466,5461,27,8254,18,8494],"yst_prominent_words":[],"class_list":["post-98847","post","type-post","status-publish","format-standard","hentry","category-justicia","category-puebla","tag-atropellado","tag-carretera-federal-puebla-tlaxcala","tag-hoyesnoticia","tag-hoyesnoticiaapp","tag-puebla","tag-rastro-municipal"],"_links":{"self":[{"href":"https:\/\/sintesis.com.mx\/puebla\/wp-json\/wp\/v2\/posts\/98847"}],"collection":[{"href":"https:\/\/sintesis.com.mx\/puebla\/wp-json\/wp\/v2\/posts"}],"about":[{"href":"https:\/\/sintesis.com.mx\/puebla\/wp-json\/wp\/v2\/types\/post"}],"author":[{"embeddable":true,"href":"https:\/\/sintesis.com.mx\/puebla\/wp-json\/wp\/v2\/users\/26"}],"replies":[{"embeddable":true,"href":"https:\/\/sintesis.com.mx\/puebla\/wp-json\/wp\/v2\/comments?post=98847"}],"version-history":[{"count":0,"href":"https:\/\/sintesis.com.mx\/puebla\/wp-json\/wp\/v2\/posts\/98847\/revisions"}],"wp:attachment":[{"href":"https:\/\/sintesis.com.mx\/puebla\/wp-json\/wp\/v2\/media?parent=98847"}],"wp:term":[{"taxonomy":"category","embeddable":true,"href":"https:\/\/sintesis.com.mx\/puebla\/wp-json\/wp\/v2\/categories?post=98847"},{"taxonomy":"post_tag","embeddable":true,"href":"https:\/\/sintesis.com.mx\/puebla\/wp-json\/wp\/v2\/tags?post=98847"},{"taxonomy":"yst_prominent_words","embeddable":true,"href":"https:\/\/sintesis.com.mx\/puebla\/wp-json\/wp\/v2\/yst_prominent_words?post=98847"}],"curies":[{"name":"wp","href":"https:\/\/api.w.org\/{rel}","templated":true}]}}