{"id":100488,"date":"2020-04-02T14:57:02","date_gmt":"2020-04-02T20:57:02","guid":{"rendered":"https:\/\/sintesis.com.mx\/tlaxcala\/?p=100488"},"modified":"2020-04-02T14:58:40","modified_gmt":"2020-04-02T20:58:40","slug":"legisladores-sesiones-extraordinarias","status":"publish","type":"post","link":"https:\/\/sintesis.com.mx\/tlaxcala\/2020\/04\/02\/legisladores-sesiones-extraordinarias\/","title":{"rendered":"Legisladores aprueban sesiones extraordinarias ante emergencia sanitaria"},"content":{"rendered":"<p>A trav\u00e9s de <strong>sesiones extraordinarias electr\u00f3nicas<\/strong>, legisladores aprobaron por unanimidad la celebraci\u00f3n de este tipo de trabajos <strong>\u00fanicamente con car\u00e1cter urgente o necesario<\/strong> para abordar y en su caso ratificar iniciativas acordes con los tiempos que marque la <strong>agenda legislativa.<\/strong><\/p>\n<p>Fue la junta de coordinaci\u00f3n y concertaci\u00f3n pol\u00edtica del <strong>Congreso del estado<\/strong>, la instancia que puso a consideraci\u00f3n del pleno la <strong>propuesta con proyecto<\/strong> de acuerdo para efectuar, durante la emergencia sanitaria por <a href=\"https:\/\/sintesis.com.mx\/tlaxcala\/?s=covid\" target=\"_blank\" rel=\"noopener noreferrer\">Covid-19<\/a>, <strong>sesiones extraordinarias electr\u00f3nicas en los asuntos que se estimen urgentes o de obvia resoluci\u00f3n.<\/strong><\/p>\n<p>\u201cEl pleno del <a href=\"https:\/\/congresodetlaxcala.gob.mx\/\" target=\"_blank\" rel=\"noopener noreferrer\">Congreso del estado<\/a>, <strong>desahogar\u00e1 sesiones p\u00fablicas electr\u00f3nicas<\/strong> respecto de los asuntos que la junta de coordinaci\u00f3n y concertaci\u00f3n pol\u00edtica, <strong>como m\u00e1ximo \u00f3rgano de gobierno<\/strong> del Congreso local, <strong>estime urgentes y\/o de obvia resoluci\u00f3n\u201d.<\/strong><\/p>\n<p>Dichas sesiones se desarrollar\u00e1n <strong>mientras persista la declaraci\u00f3n de emergencia sanitaria<\/strong> por Coronavirus <strong>(Covid-19)<\/strong> y de conformidad de convocatoria en sesi\u00f3n, por la que se determinar\u00e1 con precisi\u00f3n <strong>el asunto o asuntos a tratar.<\/strong><\/p>\n<p>Asimismo, <strong>los 25 legisladores locales aprobaron facultar a la junta de coordinaci\u00f3n y concertaci\u00f3n pol\u00edtica<\/strong>, as\u00ed como a las comisiones ordinarias de este Poder Legislativo para sesionar de manera electr\u00f3nica los asuntos que se consideren urgentes o de obvia resoluci\u00f3n para que estos sean <strong>dictaminados y enlistados en la correspondiente convocatoria de sesi\u00f3n extraordinaria.<\/strong><\/p>\n<p>Dentro del proyecto abordado de manera electr\u00f3nica, los legisladores <strong>hicieron un exhorto a la poblaci\u00f3n<\/strong> para que observen las medidas de seguridad sanitarias consistentes en que del <strong>30 de marzo al 30 de abril de 20202<\/strong>, cumplan con el resguardo domiciliario corresponsable, <strong>entendido como la limitaci\u00f3n voluntaria de movilidad.<\/strong><\/p>\n<p>Esto mediante la permanencia domiciliaria y alejados del ambiente p\u00fablico el mayor tiempo posible, tambi\u00e9n aplicar esta media de manera estricta a <strong>toda persona mayor de 60 a\u00f1os<\/strong>, en estado de embarazo, con diagn\u00f3stico de hipertensi\u00f3n arterial, diabetes mellitus, enfermedad cardiaca o pulmonar cr\u00f3nicas e insuficiencia hep\u00e1tica.<\/p>\n<p>Lo anterior independientemente si su actividad laboral <strong>se consider\u00e9 o no esencial<\/strong>, esto en concordancia con las disposiciones locales y federales <strong>para mitigar el n\u00famero de contagios en la mayor medida posible.<\/strong><\/p>\n<p><strong>Es de se\u00f1alar que en la sala de sesiones<\/strong> del Congreso de estado \u00fanicamente se encontraron el presidente Omar Milton L\u00f3pez Avenda\u00f1o y los secretarios Rafael Ortega Blancas y Jes\u00fas Rolando P\u00e9rez, <strong>mientras que los 22 legisladores<\/strong> restantes se mantuvieron atentos <strong>de la sesi\u00f3n desde sus hogares y oficinas.<\/strong><\/p>\n","protected":false},"excerpt":{"rendered":"<p>Es de se\u00f1alar que en la sala de sesiones del Congreso de estado \u00fanicamente se encontraron el presidente Omar Milton L\u00f3pez Avenda\u00f1o y los secretarios Rafael Ortega Blancas y Jes\u00fas Rolando P\u00e9rez.<\/p>\n","protected":false},"author":5,"featured_media":0,"comment_status":"open","ping_status":"open","sticky":false,"template":"","format":"standard","meta":{"footnotes":""},"categories":[150],"tags":[3051,21690,23560,153],"yst_prominent_words":[15976,23559,18427,7702,10193,18425,18423,23565,23490,23564,10409,18426,18422,10224,23558,17749,23563,23562,23557,23554],"class_list":["post-100488","post","type-post","status-publish","format-standard","hentry","category-metropoli-tlaxcala","tag-congreso-del-estado","tag-covid-19","tag-sesion-extraordinaria","tag-tlaxcala"],"_links":{"self":[{"href":"https:\/\/sintesis.com.mx\/tlaxcala\/wp-json\/wp\/v2\/posts\/100488"}],"collection":[{"href":"https:\/\/sintesis.com.mx\/tlaxcala\/wp-json\/wp\/v2\/posts"}],"about":[{"href":"https:\/\/sintesis.com.mx\/tlaxcala\/wp-json\/wp\/v2\/types\/post"}],"author":[{"embeddable":true,"href":"https:\/\/sintesis.com.mx\/tlaxcala\/wp-json\/wp\/v2\/users\/5"}],"replies":[{"embeddable":true,"href":"https:\/\/sintesis.com.mx\/tlaxcala\/wp-json\/wp\/v2\/comments?post=100488"}],"version-history":[{"count":0,"href":"https:\/\/sintesis.com.mx\/tlaxcala\/wp-json\/wp\/v2\/posts\/100488\/revisions"}],"wp:attachment":[{"href":"https:\/\/sintesis.com.mx\/tlaxcala\/wp-json\/wp\/v2\/media?parent=100488"}],"wp:term":[{"taxonomy":"category","embeddable":true,"href":"https:\/\/sintesis.com.mx\/tlaxcala\/wp-json\/wp\/v2\/categories?post=100488"},{"taxonomy":"post_tag","embeddable":true,"href":"https:\/\/sintesis.com.mx\/tlaxcala\/wp-json\/wp\/v2\/tags?post=100488"},{"taxonomy":"yst_prominent_words","embeddable":true,"href":"https:\/\/sintesis.com.mx\/tlaxcala\/wp-json\/wp\/v2\/yst_prominent_words?post=100488"}],"curies":[{"name":"wp","href":"https:\/\/api.w.org\/{rel}","templated":true}]}}