{"id":103283,"date":"2020-07-02T17:14:56","date_gmt":"2020-07-02T22:14:56","guid":{"rendered":"https:\/\/sintesis.com.mx\/tlaxcala\/?p=103283"},"modified":"2020-07-02T17:14:56","modified_gmt":"2020-07-02T22:14:56","slug":"estaran-egresando-mas-de-4-mil-alumnos","status":"publish","type":"post","link":"https:\/\/sintesis.com.mx\/tlaxcala\/2020\/07\/02\/estaran-egresando-mas-de-4-mil-alumnos\/","title":{"rendered":"Cecyte realiza graduaciones virtuales; este ciclo escolar estar\u00e1n egresando m\u00e1s de 4 mil alumnos"},"content":{"rendered":"<p>Derivado de<strong> la pandemia por Covid-19,<\/strong> que a\u00fan mantiene en sem\u00e1foro rojo a la entidad, se han visto afectadas diversas actividades como las graduaciones escolares, sin embargo, diversas instituciones se han visto a tomar otras alternativas para que este momento no pase desapercibido para los alumnos; como el caso del <strong>Colegio de Estudios Cient\u00edficos y Tecnol\u00f3gicos del Estado y de Educaci\u00f3n Media Superior a Distancia<\/strong> (Cecyte-Emsad), qui\u00e9n ha realizado algunas graduaciones de manera virtual, para evitar exponer a sus alumnos.<\/p>\n<p>El director general del subsistema,<strong> Teodardo Mu\u00f1oz Torres<\/strong>, inform\u00f3 que hasta el momento se han realizado cuatro ceremonias de clausura de manera virtual, en<strong> los planteles de Nopalucan, Zitlaltepec, Zacatelco y Tlalcuapan<\/strong>; y se prev\u00e9 se puedan realizar en total al menos esta din\u00e1mica en 15 planteles, donde las circunstancias t\u00e9cnicas lo permitan.<\/p>\n<p>\u201cEs una graduaci\u00f3n diferente a la que los alumnos esperaban, pero por lo menos tendr\u00e1n un recuerdo de su egreso del nivel medio superior, de<strong> los 32 Cecytes y 25 Emsad<\/strong>, estaremos realizando aproximadamente 15, y esto porque no todas las instituciones tienen las circunstancias t\u00e9cnicas para llevarlo a cabo\u201d.<\/p>\n<p>Mu\u00f1oz Torres, extern\u00f3 que para este ciclo escolar estar\u00e1n egresando 4 mil 600 alumnos. En este sentido, comparti\u00f3 que se tiene la disponibilidad de m\u00e1s de 6 mil lugares para alumnos de nuevo ingreso; y<strong> llevan un total de 4 mil 700 alumnos pre-registrados<\/strong>, lo cual indica que podr\u00edan alcanzar su meta, aunque mencion\u00f3 podr\u00eda no alcanzarse la meta a consecuencias de la pandemia.<\/p>\n<p>\u201cDerivado de la pandemia, se est\u00e1 dando el fen\u00f3meno de que algunos alumnos abandonen sus estudios, o bien, considerar la opci\u00f3n de estudiar en l\u00ednea, ante la incertidumbre del regreso a clases y diversos factores que influyen como resultado e los efectos negativos que ha tra\u00eddo consigo la pandemia de Covid-19\u201d.<\/p>\n<p>Por lo anterior, refiri\u00f3 a\u00fan no se tiene con certeza cuantos alumnos podr\u00edan ingresar al subsistema. Pero exhort\u00f3 a los j\u00f3venes interesados en visitar la p\u00e1gina oficial del Cecyte para conocer los requisitos en caso de estar interesado en alg\u00fan plantel.<\/p>\n","protected":false},"excerpt":{"rendered":"<p>Derivado de la pandemia por Covid-19, que a\u00fan mantiene en sem\u00e1foro rojo a la entidad, se han visto afectadas diversas actividades como las graduaciones escolares, sin embargo, diversas instituciones se han visto a tomar otras alternativas para que este momento no pase desapercibido para los alumnos; como el caso del Colegio de Estudios Cient\u00edficos y [&hellip;]<\/p>\n","protected":false},"author":41,"featured_media":0,"comment_status":"open","ping_status":"open","sticky":false,"template":"","format":"standard","meta":{"footnotes":""},"categories":[150],"tags":[27279,27278,21690,22235,7229,616,154,157],"yst_prominent_words":[9737,7652,27251,22533,14446,27250,13314,11221,27252,7657,8611,9864,16652,22231,14800,27116,7534,16655,23236,20606],"class_list":["post-103283","post","type-post","status-publish","format-standard","hentry","category-metropoli-tlaxcala","tag-cecyte-emsad","tag-colegio-de-estudios-cientificos-y-tecnologicos-del-estado-y-de-educacion-media-superior-a-distanci","tag-covid-19","tag-pandemia","tag-teodardo-munoz-torres","tag-tlax","tag-tlaxesnoticia","tag-tlaxslide"],"_links":{"self":[{"href":"https:\/\/sintesis.com.mx\/tlaxcala\/wp-json\/wp\/v2\/posts\/103283"}],"collection":[{"href":"https:\/\/sintesis.com.mx\/tlaxcala\/wp-json\/wp\/v2\/posts"}],"about":[{"href":"https:\/\/sintesis.com.mx\/tlaxcala\/wp-json\/wp\/v2\/types\/post"}],"author":[{"embeddable":true,"href":"https:\/\/sintesis.com.mx\/tlaxcala\/wp-json\/wp\/v2\/users\/41"}],"replies":[{"embeddable":true,"href":"https:\/\/sintesis.com.mx\/tlaxcala\/wp-json\/wp\/v2\/comments?post=103283"}],"version-history":[{"count":0,"href":"https:\/\/sintesis.com.mx\/tlaxcala\/wp-json\/wp\/v2\/posts\/103283\/revisions"}],"wp:attachment":[{"href":"https:\/\/sintesis.com.mx\/tlaxcala\/wp-json\/wp\/v2\/media?parent=103283"}],"wp:term":[{"taxonomy":"category","embeddable":true,"href":"https:\/\/sintesis.com.mx\/tlaxcala\/wp-json\/wp\/v2\/categories?post=103283"},{"taxonomy":"post_tag","embeddable":true,"href":"https:\/\/sintesis.com.mx\/tlaxcala\/wp-json\/wp\/v2\/tags?post=103283"},{"taxonomy":"yst_prominent_words","embeddable":true,"href":"https:\/\/sintesis.com.mx\/tlaxcala\/wp-json\/wp\/v2\/yst_prominent_words?post=103283"}],"curies":[{"name":"wp","href":"https:\/\/api.w.org\/{rel}","templated":true}]}}