{"id":106577,"date":"2020-08-31T14:44:24","date_gmt":"2020-08-31T19:44:24","guid":{"rendered":"https:\/\/sintesis.com.mx\/tlaxcala\/?p=106577"},"modified":"2020-08-31T14:44:24","modified_gmt":"2020-08-31T19:44:24","slug":"suspende-ixtacuixtla-celebraciones","status":"publish","type":"post","link":"https:\/\/sintesis.com.mx\/tlaxcala\/2020\/08\/31\/suspende-ixtacuixtla-celebraciones\/","title":{"rendered":"Suspenden en Ixtacuixtla las celebraciones patrias"},"content":{"rendered":"<p>El presidente municipal de <a href=\"https:\/\/sintesis.com.mx\/tlaxcala\/2020\/08\/17\/obras-de-impacto-ixtacuixtla\/\">Ixtacuixtla,<\/a> <strong>Rafael Zambrano Cervantes,<\/strong> confirm\u00f3 que los festejos patrios de este a\u00f1o <strong>ser\u00e1n suspendidos<\/strong> desde la celebraci\u00f3n del Grito de Independencia y el desfile conmemorativo al CCX Aniversario de la Justa Heroica.<\/p>\n<p>Lo anterior, derivado de las medidas implementadas para la mitigaci\u00f3n y control de riesgos que ha ocasionado la<strong> pandemia por <a href=\"https:\/\/www.who.int\/es\/emergencies\/diseases\/novel-coronavirus-2019\/advice-for-public\/q-a-coronaviruses\">Covid-19<\/a><\/strong><a href=\"https:\/\/www.who.int\/es\/emergencies\/diseases\/novel-coronavirus-2019\/advice-for-public\/q-a-coronaviruses\">,<\/a> \u201csabemos que la salud es primero, por ello, se ha determinado la suspensi\u00f3n de estas festividades sin olvidar a los hombres y mujeres que nos dieron Patria y Libertad\u201d.<\/p>\n<p>El alcalde puntualiz\u00f3 que<strong> seguir\u00e1 insistiendo para evitar al m\u00e1ximo la masividad de las personas en eventos sociales,<\/strong> en los que se vaya a poner en riesgo la salud de la poblaci\u00f3n que es lo m\u00e1s importante.<\/p>\n<p>Expres\u00f3 que al haber pasado Tlaxcala del sem\u00e1foro naranja al amarillo por el SARS-CoV2 o Covid-19, <strong>\u201cno se realizar\u00e1 la verbena popular la noche del 15 de septiembre\u201d.<\/strong><\/p>\n<p>Ante este panorama, el alcalde de extracci\u00f3n priista, hizo extensivo su llamado a no bajar los brazos para romper las cadenas de contaminaci\u00f3n <strong>utilizando el cubrebocas, gel antibacterial, as\u00ed como lavarse las manos.<\/strong><\/p>\n<h4>Se\u00f1al\u00f3 que todo es en cumplimiento a lo dispuesto en el Art\u00edculo 134, fracci\u00f3n XIV de la Ley General de salud, por ello, el presidente municipal, reiter\u00f3 a la poblaci\u00f3n en general que se suspenden dichas celebraciones, al tiempo que refrend\u00f3 su reconocimiento a los hombres y mujeres que nos dieron Patria y Libertad.<\/h4>\n<p>Sobre las medidas implementadas para la mitigaci\u00f3n y control de los riesgos, expuso que en el municipio <strong>se invita a la poblaci\u00f3n a que contin\u00faen cuid\u00e1ndose<\/strong> y que no bajen la guardia en el autocuidado, para ellos y su familia.<\/p>\n<p><strong>Este es uno de los primeros municipios de la entidad que hacen el anuncio de dicha suspensi\u00f3n,<\/strong> debido a que tambi\u00e9n el gobierno del estado que encabeza el gobernador del estado, Marco Antonio Mena Rodr\u00edguez, determin\u00f3 que se suspendan las actividades del Grito de Independencia y el desfile conmemorativo.<\/p>\n<p>En congruencia, con el gobierno del estado Ixtacuixtla tom\u00f3 la determinaci\u00f3n, concluy\u00f3 el alcalde Rafael Zambrano.<\/p>\n<p>&nbsp;<\/p>\n","protected":false},"excerpt":{"rendered":"<p>El presidente municipal de Ixtacuixtla, Rafael Zambrano Cervantes, confirm\u00f3 que los festejos patrios de este a\u00f1o ser\u00e1n suspendidos desde la celebraci\u00f3n del Grito de Independencia y el desfile conmemorativo al CCX Aniversario de la Justa Heroica. Lo anterior, derivado de las medidas implementadas para la mitigaci\u00f3n y control de riesgos que ha ocasionado la pandemia [&hellip;]<\/p>\n","protected":false},"author":3,"featured_media":0,"comment_status":"open","ping_status":"open","sticky":false,"template":"","format":"standard","meta":{"footnotes":""},"categories":[653,9],"tags":[1176,1866,524,1126,22895,153,154,5073,32494],"yst_prominent_words":[7762,13009,32492,32485,32488,15349,32487,32486,32483,7758,32491,32484,32489,7961,32490,9759,7764,7751,16775,7809],"class_list":["post-106577","post","type-post","status-publish","format-standard","hentry","category-ixtacuixtla","category-municipios","tag-desfile","tag-grito","tag-ixtacuixtla","tag-rafael-zambrano-cervantes","tag-suspension-de-eventos","tag-tlaxcala","tag-tlaxesnoticia","tag-tlaxesnoticiaapp","tag-verbena-popular"],"_links":{"self":[{"href":"https:\/\/sintesis.com.mx\/tlaxcala\/wp-json\/wp\/v2\/posts\/106577"}],"collection":[{"href":"https:\/\/sintesis.com.mx\/tlaxcala\/wp-json\/wp\/v2\/posts"}],"about":[{"href":"https:\/\/sintesis.com.mx\/tlaxcala\/wp-json\/wp\/v2\/types\/post"}],"author":[{"embeddable":true,"href":"https:\/\/sintesis.com.mx\/tlaxcala\/wp-json\/wp\/v2\/users\/3"}],"replies":[{"embeddable":true,"href":"https:\/\/sintesis.com.mx\/tlaxcala\/wp-json\/wp\/v2\/comments?post=106577"}],"version-history":[{"count":0,"href":"https:\/\/sintesis.com.mx\/tlaxcala\/wp-json\/wp\/v2\/posts\/106577\/revisions"}],"wp:attachment":[{"href":"https:\/\/sintesis.com.mx\/tlaxcala\/wp-json\/wp\/v2\/media?parent=106577"}],"wp:term":[{"taxonomy":"category","embeddable":true,"href":"https:\/\/sintesis.com.mx\/tlaxcala\/wp-json\/wp\/v2\/categories?post=106577"},{"taxonomy":"post_tag","embeddable":true,"href":"https:\/\/sintesis.com.mx\/tlaxcala\/wp-json\/wp\/v2\/tags?post=106577"},{"taxonomy":"yst_prominent_words","embeddable":true,"href":"https:\/\/sintesis.com.mx\/tlaxcala\/wp-json\/wp\/v2\/yst_prominent_words?post=106577"}],"curies":[{"name":"wp","href":"https:\/\/api.w.org\/{rel}","templated":true}]}}