{"id":110613,"date":"2020-10-16T17:40:22","date_gmt":"2020-10-16T22:40:22","guid":{"rendered":"https:\/\/sintesis.com.mx\/tlaxcala\/?p=110613"},"modified":"2020-10-16T17:40:22","modified_gmt":"2020-10-16T22:40:22","slug":"inaugura-itc-festival-titeres","status":"publish","type":"post","link":"https:\/\/sintesis.com.mx\/tlaxcala\/2020\/10\/16\/inaugura-itc-festival-titeres\/","title":{"rendered":"Inaugura ITC Festival Internacional de T\u00edteres \u00abRosete Aranda\u00bb 2020"},"content":{"rendered":"<p style=\"font-weight: 400;\">Con la finalidad de promover y difundir el arte milenario de los t\u00edteres, el Instituto Tlaxcalteca de la Cultura (ITC) inaugur\u00f3 de manera virtual el Festival Internacional de T\u00edteres<a href=\"https:\/\/sintesis.com.mx\/tlaxcala\/2020\/09\/27\/participacion-tlaxcaltecas-fit-itc\/\"> \u201cRosete Aranda\u201d 2020.<\/a><\/p>\n<p style=\"font-weight: 400;\">En representaci\u00f3n de la Secretaria de Cultura, Alejandra Frausto Guerrero, la Subsecretaria de Diversidad Cultural y Fomento a la Lectura, Natalia Toledo Paz, resalt\u00f3 que el mundo de las marionetas tiene una gran importancia en M\u00e9xico desde <strong>\u00e9pocas prehisp\u00e1nicas,<\/strong> debido a que en zonas arqueol\u00f3gicas como Cacaxtla se han encontrado piezas de barro que hacen referencia a los t\u00edteres.<\/p>\n<p style=\"font-weight: 400;\">En su oportunidad, Juan Antonio Gonz\u00e1lez Necoechea, Director General del<a href=\"http:\/\/www.culturatlaxcala.com.mx\/\"> ITC<\/a>, destac\u00f3 que derivado de la contingencia sanitaria por Covid-19 y para prevenir la propagaci\u00f3n del virus, las actividades del Festival se transmitir\u00e1n por medio de las <strong>redes sociales<\/strong> de la dependencia.<\/p>\n<p style=\"font-weight: 400;\">\u201cQuiero invitarlos a que en familia, a partir de hoy y hasta el 29 de octubre disfruten de esta edici\u00f3n del Festival que nos brinda orgullo como tlaxcaltecas, y tambi\u00e9n para que sean testigos de la entrega de la <strong>Presea Rosete Aranda 2020&#8243;,<\/strong> apunt\u00f3.<\/p>\n<p style=\"font-weight: 400;\">Gonz\u00e1lez Necoechea detall\u00f3 que en la edici\u00f3n n\u00famero 35 del Festival Internacional de T\u00edteres \u201cRosete Aranda\u201d, participan compa\u00f1\u00edas procedentes de <strong>Alemania, Taiw\u00e1n, Argentina, Rusia y Estados Unidos,<\/strong> adem\u00e1s de agrupaciones locales y de estados como Guanajuato, Jalisco, Morelos y la Ciudad de M\u00e9xico, mientras que el invitado es San Luis Potos\u00ed.<\/p>\n<p style=\"font-weight: 400;\"><strong>En tanto, Anabel Alvarado Varela, Secretaria de Turismo del Estado,<\/strong> se\u00f1al\u00f3 que el Festival mantiene viva la tradici\u00f3n titiritera como uno de los espect\u00e1culos m\u00e1s antiguos del pa\u00eds, y ofrece al p\u00fablico historias con valor social y art\u00edstico.<\/p>\n<p style=\"font-weight: 400;\">Mientras, Fausto Hern\u00e1ndez Mu\u00f1oz, Director del Museo Nacional del T\u00edtere, dio a conocer que <strong>increment\u00f3 en un 68 por ciento<\/strong> el n\u00famero de compa\u00f1\u00edas tlaxcaltecas participantes, por lo que suman 28 las agrupaciones, principalmente de Huamantla, las que se presentar\u00e1n.<\/p>\n<p style=\"font-weight: 400;\">Como parte del evento, se transmiti\u00f3 la funci\u00f3n inaugural a cargo de <strong>Viktor Antonov con la obra \u00abCircus on the strings\u00bb,<\/strong> procedente de Rusia, con la cual se alcanz\u00f3 una audiencia de m\u00e1s de 15 mil 150 personas conectadas.<\/p>\n<p style=\"font-weight: 400;\">Cabe se\u00f1alar que como parte del Festival, <strong>se impartir\u00e1n conferencias<\/strong> a cargo del Maestro Alejandro Jara Villase\u00f1or y Raquel B\u00e1rcena Molina; de igual forma, el grupo \u201cGato bocarriba\u201d, realizar\u00e1 la donaci\u00f3n de t\u00edteres de sombra y se inaugurar\u00e1 la Galer\u00eda de los Premios \u201cRosete Aranda\u201d, como una nueva sala de exposici\u00f3n permanente en el Museo Nacional del T\u00edtere \u201cRosete Aranda\u201d, ubicado en el municipio de Huamantla.<\/p>\n<p style=\"font-weight: 400;\">Las personas interesadas en conocer la <strong>programaci\u00f3n del Festival,<\/strong> pueden consultar la p\u00e1gina oficial y redes sociales del Instituto Tlaxcalteca de la Cultura y del 35 Festival Internacional de T\u00edteres \u00abRosete Aranda\u00bb 2020.<\/p>\n","protected":false},"excerpt":{"rendered":"<p>Con la finalidad de promover y difundir el arte milenario de los t\u00edteres, el Instituto Tlaxcalteca de la Cultura (ITC) inaugur\u00f3 de manera virtual el Festival Internacional de T\u00edteres \u201cRosete Aranda\u201d 2020. En representaci\u00f3n de la Secretaria de Cultura, Alejandra Frausto Guerrero, la Subsecretaria de Diversidad Cultural y Fomento a la Lectura, Natalia Toledo Paz, [&hellip;]<\/p>\n","protected":false},"author":3,"featured_media":0,"comment_status":"open","ping_status":"open","sticky":false,"template":"","format":"standard","meta":{"footnotes":""},"categories":[150],"tags":[38959,414,38960,352,153,5697],"yst_prominent_words":[30336,11232,8138,8805,8796,9620,9606,9615,11832,11843,30334,38955,8798],"class_list":["post-110613","post","type-post","status-publish","format-standard","hentry","category-metropoli-tlaxcala","tag-festival-internacional-de-titeres-rosete-aranda-2020","tag-itc","tag-presea-rosete-aranda","tag-slide","tag-tlaxcala","tag-tlaxslideapp"],"_links":{"self":[{"href":"https:\/\/sintesis.com.mx\/tlaxcala\/wp-json\/wp\/v2\/posts\/110613"}],"collection":[{"href":"https:\/\/sintesis.com.mx\/tlaxcala\/wp-json\/wp\/v2\/posts"}],"about":[{"href":"https:\/\/sintesis.com.mx\/tlaxcala\/wp-json\/wp\/v2\/types\/post"}],"author":[{"embeddable":true,"href":"https:\/\/sintesis.com.mx\/tlaxcala\/wp-json\/wp\/v2\/users\/3"}],"replies":[{"embeddable":true,"href":"https:\/\/sintesis.com.mx\/tlaxcala\/wp-json\/wp\/v2\/comments?post=110613"}],"version-history":[{"count":0,"href":"https:\/\/sintesis.com.mx\/tlaxcala\/wp-json\/wp\/v2\/posts\/110613\/revisions"}],"wp:attachment":[{"href":"https:\/\/sintesis.com.mx\/tlaxcala\/wp-json\/wp\/v2\/media?parent=110613"}],"wp:term":[{"taxonomy":"category","embeddable":true,"href":"https:\/\/sintesis.com.mx\/tlaxcala\/wp-json\/wp\/v2\/categories?post=110613"},{"taxonomy":"post_tag","embeddable":true,"href":"https:\/\/sintesis.com.mx\/tlaxcala\/wp-json\/wp\/v2\/tags?post=110613"},{"taxonomy":"yst_prominent_words","embeddable":true,"href":"https:\/\/sintesis.com.mx\/tlaxcala\/wp-json\/wp\/v2\/yst_prominent_words?post=110613"}],"curies":[{"name":"wp","href":"https:\/\/api.w.org\/{rel}","templated":true}]}}