{"id":112534,"date":"2020-11-06T15:07:12","date_gmt":"2020-11-06T21:07:12","guid":{"rendered":"https:\/\/sintesis.com.mx\/tlaxcala\/?p=112534"},"modified":"2020-11-06T15:07:12","modified_gmt":"2020-11-06T21:07:12","slug":"egresan-trabajo-social-uatx","status":"publish","type":"post","link":"https:\/\/sintesis.com.mx\/tlaxcala\/2020\/11\/06\/egresan-trabajo-social-uatx\/","title":{"rendered":"Egresan 146 profesionales de la Facultad de Trabajo Social de la UATx"},"content":{"rendered":"<p class=\"yiv8965798962MsoNormal\"><span lang=\"ES\">Para mantener el v\u00ednculo rec\u00edproco entre las Instituciones de Educaci\u00f3n Superior (IES), y la sociedad en general, se ha instaurado como objetivo central egresar profesionistas competitivos con un alto sentido de responsabilidad, es en este marco que, la Universidad Aut\u00f3noma de Tlaxcala (UATx), a trav\u00e9s de la <a href=\"https:\/\/ftssyp.uatx.mx\/\">Facultad de Trabajo Social, Sociolog\u00eda y Psicolog\u00eda,<\/a> efectuaron la <strong>ceremonia de graduaci\u00f3n<\/strong> de 146 alumnos de la generaci\u00f3n 2016-2020 y 2015-2020 de los programas educativos de: Trabajo Social, Sociolog\u00eda, Psicolog\u00eda y Psicoterapia.<\/span><\/p>\n<p class=\"yiv8965798962MsoNormal\"><span lang=\"ES\">Durante esta ceremonia, en representaci\u00f3n del Dr. Luis Gonz\u00e1lez Placencia, Rector de la <a href=\"https:\/\/sintesis.com.mx\/tlaxcala\/2020\/11\/04\/uatx-diplomado-mercadotecnia\/\">UATx,<\/a> el Dr. Enrique V\u00e1zquez Fern\u00e1ndez, Secretario Acad\u00e9mico, destac\u00f3 que, en estos tiempos de pandemia los <strong>reci\u00e9n graduados deben sumarse con los conocimientos<\/strong> adquiridos\u00a0 a contrarrestar los efectos causados en el contexto del confinamiento por el Covid-19 desde la competencia de su disciplina, ya que en estos momentos, es conveniente aportar todas las herramientas para que los individuos asimilen que la globalidad ha estado sometida a cambios que nunca hab\u00edan imaginado a\u00a0 una velocidad impresionante.<\/span><\/p>\n<p class=\"yiv8965798962MsoNormal\"><span lang=\"ES\">A su vez el Mtro. Pedro Manuel Conde Flores, Director de la \u00a0Facultad de Trabajo Social, Sociolog\u00eda y Psicolog\u00eda, mencion\u00f3 que, las ciencias sociales se han ido modificando y han expandido su experticia, sin perder de vista que su \u00a0constante es contribuir \u00a0al bien social, es por ello que, en la UATx <strong>\u00a0la calidad acad\u00e9mica, consiste en preparar a sus educandos<\/strong> con\u00a0 saberes que se relacionan con la realidad social y, hoy estas generaciones que han concluido su preparaci\u00f3n profesional,\u00a0 deber\u00e1n dise\u00f1ar l\u00edneas de acci\u00f3n que tiendan a mejorar la vida de quienes conforman su entorno.<\/span><\/p>\n<p class=\"yiv8965798962MsoNormal\"><span lang=\"ES\">A nombre de los egresados, <strong>Brenda Guadalupe V\u00e1zquez Gonz\u00e1lez,<\/strong> Itzel Cid Leal, Miguel \u00c1ngel Zepeda Barrientos y Alondra Itzel Hern\u00e1ndez Camarillo, coincidieron en apuntar que, es momento de aplicar lo aprendido en las aulas, dejando en alto a la instituci\u00f3n que los vio crecer y concretar sus proyectos profesionales, por ello,\u00a0 conminaron a sus compa\u00f1eros \u00a0a seguir prepar\u00e1ndose para mantenerse actualizados ante los constantes cambios que se viven en el mundo.\u00a0<\/span><\/p>\n","protected":false},"excerpt":{"rendered":"<p>Para mantener el v\u00ednculo rec\u00edproco entre las Instituciones de Educaci\u00f3n Superior (IES), y la sociedad en general, se ha instaurado como objetivo central egresar profesionistas competitivos con un alto sentido de responsabilidad, es en este marco que, la Universidad Aut\u00f3noma de Tlaxcala (UATx), a trav\u00e9s de la Facultad de Trabajo Social, Sociolog\u00eda y Psicolog\u00eda, efectuaron [&hellip;]<\/p>\n","protected":false},"author":3,"featured_media":0,"comment_status":"open","ping_status":"open","sticky":false,"template":"","format":"standard","meta":{"footnotes":""},"categories":[28540],"tags":[818,29250,650,352,153,5697,6519],"yst_prominent_words":[12984,20403,12983,14135,14132,14130,8145,14141,8326,14136,14131,41827,14134,7524,12839,14133,14129,14142,10391],"class_list":["post-112534","post","type-post","status-publish","format-standard","hentry","category-esfera-universitaria","tag-egresados","tag-facultad-de-trabajo-social","tag-graduacion","tag-slide","tag-tlaxcala","tag-tlaxslideapp","tag-uatx"],"_links":{"self":[{"href":"https:\/\/sintesis.com.mx\/tlaxcala\/wp-json\/wp\/v2\/posts\/112534"}],"collection":[{"href":"https:\/\/sintesis.com.mx\/tlaxcala\/wp-json\/wp\/v2\/posts"}],"about":[{"href":"https:\/\/sintesis.com.mx\/tlaxcala\/wp-json\/wp\/v2\/types\/post"}],"author":[{"embeddable":true,"href":"https:\/\/sintesis.com.mx\/tlaxcala\/wp-json\/wp\/v2\/users\/3"}],"replies":[{"embeddable":true,"href":"https:\/\/sintesis.com.mx\/tlaxcala\/wp-json\/wp\/v2\/comments?post=112534"}],"version-history":[{"count":0,"href":"https:\/\/sintesis.com.mx\/tlaxcala\/wp-json\/wp\/v2\/posts\/112534\/revisions"}],"wp:attachment":[{"href":"https:\/\/sintesis.com.mx\/tlaxcala\/wp-json\/wp\/v2\/media?parent=112534"}],"wp:term":[{"taxonomy":"category","embeddable":true,"href":"https:\/\/sintesis.com.mx\/tlaxcala\/wp-json\/wp\/v2\/categories?post=112534"},{"taxonomy":"post_tag","embeddable":true,"href":"https:\/\/sintesis.com.mx\/tlaxcala\/wp-json\/wp\/v2\/tags?post=112534"},{"taxonomy":"yst_prominent_words","embeddable":true,"href":"https:\/\/sintesis.com.mx\/tlaxcala\/wp-json\/wp\/v2\/yst_prominent_words?post=112534"}],"curies":[{"name":"wp","href":"https:\/\/api.w.org\/{rel}","templated":true}]}}