{"id":115644,"date":"2020-12-10T14:42:51","date_gmt":"2020-12-10T20:42:51","guid":{"rendered":"https:\/\/sintesis.com.mx\/tlaxcala\/?p=115644"},"modified":"2020-12-10T14:44:06","modified_gmt":"2020-12-10T20:44:06","slug":"dia-los-derechos-humanos","status":"publish","type":"post","link":"https:\/\/sintesis.com.mx\/tlaxcala\/2020\/12\/10\/dia-los-derechos-humanos\/","title":{"rendered":"D\u00eda de los Derechos Humanos"},"content":{"rendered":"<p>El<strong> D\u00eda de los Derechos Humanos<\/strong> se celebra todos los a\u00f1os el 10 de diciembre, coincidiendo con el aniversario de la<strong> Declaraci\u00f3n Universal de los Derechos Humanos<\/strong> que se aprob\u00f3 en 1948.<\/p>\n<p>&nbsp;<\/p>\n<p>Sin embargo fue dos a\u00f1os despu\u00e9s de la aprobaci\u00f3n durante 1950, cuando la<em> Asamblea General<\/em> proclamo de manera oficial el 10 de diciembre como el <strong>D\u00eda de los Derechos Humanos.<\/strong><\/p>\n<p>&nbsp;<\/p>\n<p>Los <strong>Derechos Humanos<\/strong> son un conjunto de <strong>Derechos inalienables<\/strong> <em>(es decir que no se pueden ceder o vender bajo ning\u00fan medio)<\/em>, que pertenecen a todos los seres humanos,\u00a0 sin importar su sexo, raza, religi\u00f3n, nacionalidad, origen \u00e9tnico o cualquier otra condici\u00f3n.<\/p>\n<p>&nbsp;<\/p>\n<p>En la actualidad existe una lista de los Derechos Humanos creada por la<strong> Organizaci\u00f3n de las Naciones Unidas<\/strong>, donde se defiende el derecho a la vida, la libertad, la educaci\u00f3n, el trabajo y muchos otros que deben ser respetados para todos.<\/p>\n","protected":false},"excerpt":{"rendered":"<p>El D\u00eda de los Derechos Humanos se celebra todos los a\u00f1os el 10 de diciembre, coincidiendo con el aniversario de la Declaraci\u00f3n Universal de los Derechos Humanos que se aprob\u00f3 en 1948. &nbsp; Sin embargo fue dos a\u00f1os despu\u00e9s de la aprobaci\u00f3n durante 1950, cuando la Asamblea General proclamo de manera oficial el 10 de [&hellip;]<\/p>\n","protected":false},"author":43,"featured_media":0,"comment_status":"open","ping_status":"open","sticky":false,"template":"","format":"standard","meta":{"footnotes":""},"categories":[5],"tags":[46333,46334,46332,12404],"yst_prominent_words":[11261,44870,7804,7801,11603,7806],"class_list":["post-115644","post","type-post","status-publish","format-standard","hentry","category-cultura","tag-declaracion-universal-de-los-derechos-humanos","tag-derechos-inalienables","tag-dia-de-los-derechos-humanos","tag-organizacion-de-las-naciones-unidas"],"_links":{"self":[{"href":"https:\/\/sintesis.com.mx\/tlaxcala\/wp-json\/wp\/v2\/posts\/115644"}],"collection":[{"href":"https:\/\/sintesis.com.mx\/tlaxcala\/wp-json\/wp\/v2\/posts"}],"about":[{"href":"https:\/\/sintesis.com.mx\/tlaxcala\/wp-json\/wp\/v2\/types\/post"}],"author":[{"embeddable":true,"href":"https:\/\/sintesis.com.mx\/tlaxcala\/wp-json\/wp\/v2\/users\/43"}],"replies":[{"embeddable":true,"href":"https:\/\/sintesis.com.mx\/tlaxcala\/wp-json\/wp\/v2\/comments?post=115644"}],"version-history":[{"count":0,"href":"https:\/\/sintesis.com.mx\/tlaxcala\/wp-json\/wp\/v2\/posts\/115644\/revisions"}],"wp:attachment":[{"href":"https:\/\/sintesis.com.mx\/tlaxcala\/wp-json\/wp\/v2\/media?parent=115644"}],"wp:term":[{"taxonomy":"category","embeddable":true,"href":"https:\/\/sintesis.com.mx\/tlaxcala\/wp-json\/wp\/v2\/categories?post=115644"},{"taxonomy":"post_tag","embeddable":true,"href":"https:\/\/sintesis.com.mx\/tlaxcala\/wp-json\/wp\/v2\/tags?post=115644"},{"taxonomy":"yst_prominent_words","embeddable":true,"href":"https:\/\/sintesis.com.mx\/tlaxcala\/wp-json\/wp\/v2\/yst_prominent_words?post=115644"}],"curies":[{"name":"wp","href":"https:\/\/api.w.org\/{rel}","templated":true}]}}