{"id":121531,"date":"2021-02-23T12:10:09","date_gmt":"2021-02-23T18:10:09","guid":{"rendered":"https:\/\/sintesis.com.mx\/tlaxcala\/?p=121531"},"modified":"2021-02-23T12:10:09","modified_gmt":"2021-02-23T18:10:09","slug":"jorge-corichi-respeto-proceso-morena","status":"publish","type":"post","link":"https:\/\/sintesis.com.mx\/tlaxcala\/2021\/02\/23\/jorge-corichi-respeto-proceso-morena\/","title":{"rendered":"Jorge Corichi refrend\u00f3 su respeto al proceso interno de Morena"},"content":{"rendered":"<p class=\"yiv6926167523gmail-MsoListParagraph\">Al registrarse al proceso interno del partido <a href=\"https:\/\/morena.si\/\">Morena<\/a> para la selecci\u00f3n de su candidato a la presidencia municipal de esta capital, el ciudadano <strong>Jorge Corichi estamp\u00f3 su firma aut\u00f3grafa.<\/strong><\/p>\n<p class=\"yiv6926167523MsoNormal\">De esa forma, a inicios del mes que corre suscribi\u00f3 un documento dirigido a la Comisi\u00f3n Nacional de Elecciones de Morena en el que se comprometi\u00f3 a promover el proyecto y los valores de la Cuarta Transformaci\u00f3n, en la inteligencia de que el poder s\u00f3lo tiene sentido y <strong>se convierte en virtud cuando se pone al servicio de los dem\u00e1s.<\/strong><\/p>\n<p class=\"yiv6926167523MsoNormal\"><strong>De la misma manera<\/strong> se comprometi\u00f3 a conducirse bajo los principios de no mentir, no robar y no traicionar al pueblo, preceptos que <a href=\"https:\/\/sintesis.com.mx\/tlaxcala\/2021\/02\/20\/honra-corichi-simbolos-patrios\/\"><strong>Jorge Corichi<\/strong><\/a> ha seguido a lo largo de su vida.<\/p>\n<p class=\"yiv6926167523MsoNormal\">Corichi rechaza\u00a0\u00a0la pr\u00e1ctica de la denostaci\u00f3n o calumnia p\u00fablica entre miembros o dirigentes del partido, pr\u00e1ctica que suele ser inducida o auspiciada por los adversarios de Morena con el prop\u00f3sito de debilitar o desprestigiar a la <strong>Cuarta Transformaci\u00f3n.<\/strong><\/p>\n<p class=\"yiv6926167523MsoNormal\">En el mismo sentido, <strong>manifest\u00f3 su adici\u00f3n a la convocatoria<\/strong> del proceso y conformidad plena con la misma, as\u00ed como el compromiso vinculante de respetar los resultados que de \u00e9ste deriven.<\/p>\n<p class=\"yiv6926167523MsoNormal\"><em>Al participar en el proceso interno, record\u00f3, me dieron los documentos b\u00e1sicos de MORENA y asum\u00ed el compromiso indeclinable de cumplir con los mismos, en particular con el Estatuto del partido, haciendo \u00e9nfasis en lo dispuesto por el art\u00edculo 3\u00ba, que a continuaci\u00f3n se cita:\u00a0<\/em><\/p>\n<p class=\"yiv6926167523MsoNormal\">\u201cArt\u00edculo 3\u00ba. Nuestro partido MORENA se construir\u00e1 a partir de los siguientes fundamentos:\u201d<\/p>\n<p class=\"yiv6926167523MsoNormal\">\u201cb. Que a las y los Protagonistas del cambio verdadero no los mueve la ambici\u00f3n al dinero,\u00a0\u00a0ni al poder para beneficio propio;\u201d<\/p>\n<p class=\"yiv6926167523MsoNormal\">\u201cc. Que las y los Protagonistas del cambio verdadero busquen siempre causas m\u00e1s elevadas que sus propios intereses, por leg\u00edtimos que sean;\u201d<\/p>\n<p class=\"yiv6926167523MsoNormal\">\u201cd. Asumir que el poder s\u00f3lo tiene sentido y se convierte en virtud cuando se pone al servicio de los dem\u00e1s;\u201d<\/p>\n<p class=\"yiv6926167523MsoNormal\">\u201cf. No permitir ninguno de los vicios de la pol\u00edtica actual: el influyentismo, el amiguismo, el nepotismo, el patrimonialismo, el clientelismo, la perpetuaci\u00f3n en los cargos, el uso de recursos para imponer o manipular la voluntad de otras y otros, la corrupci\u00f3n y el entreguismo;\u201d.<\/p>\n<p class=\"yiv6926167523MsoNormal\">\u201ch. La exclusi\u00f3n de quienes se prueben actos de corrupci\u00f3n, violaci\u00f3n a los derechos humanos y sociales o actividades delictivas;\u201d<\/p>\n<p class=\"yiv6926167523MsoNormal\"><span lang=\"ES\"><strong>Jorge Corichi estableci\u00f3 que continuar\u00e1<\/strong> actuando con madurez y civilidad pol\u00edtica, al tiempo que record\u00f3 que la Comisi\u00f3n Nacional de Elecciones del Comit\u00e9 Ejecutivo Nacional de MORENA se fij\u00f3 como plazo m\u00e1ximo el 5 de abril para dar a conocer \u201cla relaci\u00f3n de solicitudes de registro aprobadas de los aspirantes a las candidaturas\u201d, en el caso de Tlaxcala: \u201cpara miembros de los ayuntamientos y presidencias de comunidad\u201d.\u00a0\u00a0<\/span><\/p>\n<p class=\"yiv6926167523MsoNormal\">\n","protected":false},"excerpt":{"rendered":"<p>Al registrarse al proceso interno del partido Morena para la selecci\u00f3n de su candidato a la presidencia municipal de esta capital, el ciudadano Jorge Corichi estamp\u00f3 su firma aut\u00f3grafa. De esa forma, a inicios del mes que corre suscribi\u00f3 un documento dirigido a la Comisi\u00f3n Nacional de Elecciones de Morena en el que se comprometi\u00f3 [&hellip;]<\/p>\n","protected":false},"author":3,"featured_media":0,"comment_status":"open","ping_status":"open","sticky":false,"template":"","format":"standard","meta":{"footnotes":""},"categories":[150],"tags":[50009,1238,50526,45938,153,154,5073],"yst_prominent_words":[7800,29006,17227,8678,7685,23761,8182,19330,8667,45759],"class_list":["post-121531","post","type-post","status-publish","format-standard","hentry","category-metropoli-tlaxcala","tag-jorge-corichi","tag-morena","tag-presidente-municipal-tlaxcala","tag-proceso-interno","tag-tlaxcala","tag-tlaxesnoticia","tag-tlaxesnoticiaapp"],"_links":{"self":[{"href":"https:\/\/sintesis.com.mx\/tlaxcala\/wp-json\/wp\/v2\/posts\/121531"}],"collection":[{"href":"https:\/\/sintesis.com.mx\/tlaxcala\/wp-json\/wp\/v2\/posts"}],"about":[{"href":"https:\/\/sintesis.com.mx\/tlaxcala\/wp-json\/wp\/v2\/types\/post"}],"author":[{"embeddable":true,"href":"https:\/\/sintesis.com.mx\/tlaxcala\/wp-json\/wp\/v2\/users\/3"}],"replies":[{"embeddable":true,"href":"https:\/\/sintesis.com.mx\/tlaxcala\/wp-json\/wp\/v2\/comments?post=121531"}],"version-history":[{"count":0,"href":"https:\/\/sintesis.com.mx\/tlaxcala\/wp-json\/wp\/v2\/posts\/121531\/revisions"}],"wp:attachment":[{"href":"https:\/\/sintesis.com.mx\/tlaxcala\/wp-json\/wp\/v2\/media?parent=121531"}],"wp:term":[{"taxonomy":"category","embeddable":true,"href":"https:\/\/sintesis.com.mx\/tlaxcala\/wp-json\/wp\/v2\/categories?post=121531"},{"taxonomy":"post_tag","embeddable":true,"href":"https:\/\/sintesis.com.mx\/tlaxcala\/wp-json\/wp\/v2\/tags?post=121531"},{"taxonomy":"yst_prominent_words","embeddable":true,"href":"https:\/\/sintesis.com.mx\/tlaxcala\/wp-json\/wp\/v2\/yst_prominent_words?post=121531"}],"curies":[{"name":"wp","href":"https:\/\/api.w.org\/{rel}","templated":true}]}}