{"id":123091,"date":"2021-03-09T15:21:14","date_gmt":"2021-03-09T21:21:14","guid":{"rendered":"https:\/\/sintesis.com.mx\/tlaxcala\/?p=123091"},"modified":"2021-03-09T15:21:14","modified_gmt":"2021-03-09T21:21:14","slug":"cepc-capacitacion-personal-ssc","status":"publish","type":"post","link":"https:\/\/sintesis.com.mx\/tlaxcala\/2021\/03\/09\/cepc-capacitacion-personal-ssc\/","title":{"rendered":"Inicia CEPC jornada de capacitaci\u00f3n a personal de la SSC"},"content":{"rendered":"<p style=\"font-weight: 400;\">La Coordinaci\u00f3n Estatal de Protecci\u00f3n Civil <a href=\"https:\/\/sintesis.com.mx\/tlaxcala\/2021\/03\/01\/cepc-reactivacion-eventos-religiosos\/\">(<\/a><strong><a href=\"https:\/\/sintesis.com.mx\/tlaxcala\/2021\/03\/01\/cepc-reactivacion-eventos-religiosos\/\">CEPC)<\/a> <\/strong>puso en marcha una jornada de capacitaci\u00f3n dirigida a personal administrativo y operativo de la Secretar\u00eda de Seguridad Ciudadana (SSC), <strong>con el objetivo de fortalecer y ampliar sus conocimientos<\/strong> en temas relacionados a la prevenci\u00f3n, auxilio y atenci\u00f3n de situaciones de riesgo.<\/p>\n<p><img loading=\"lazy\" decoding=\"async\" class=\"size-medium wp-image-123093 alignleft\" src=\"https:\/\/sintesis.com.mx\/tlaxcala\/wp-content\/uploads\/2021\/03\/2-18-300x225.jpg\" alt=\"Inicia CEPC jornada de capacitaci\u00f3n a personal de la SSC\" width=\"300\" height=\"225\" \/><\/p>\n<p style=\"font-weight: 400;\">Jos\u00e9 Antonio Ram\u00edrez Hern\u00e1ndez, titular de la CEPC, indic\u00f3 que a trav\u00e9s de cursos, talleres y conferencias, la dependencia a su cargo dotar\u00e1 a los participantes de las herramientas <strong>necesarias para la elaboraci\u00f3n de programas y fortalecimiento<\/strong> de las brigadas internas, as\u00ed como el dise\u00f1o de simulacros y la identificaci\u00f3n de riesgos por fen\u00f3menos naturales o provocados por la mano del hombre.<\/p>\n<h4 style=\"font-weight: 400;\">Ram\u00edrez Hern\u00e1ndez enfatiz\u00f3 que la capacitaci\u00f3n es fundamental al ser una de las acciones m\u00e1s eficaces para hacer frente a las emergencias en espacios p\u00fablicos.<\/h4>\n<p><img loading=\"lazy\" decoding=\"async\" class=\" wp-image-123094 alignright\" src=\"https:\/\/sintesis.com.mx\/tlaxcala\/wp-content\/uploads\/2021\/03\/3-13-300x131.jpg\" alt=\"Inicia CEPC jornada de capacitaci\u00f3n a personal de la SSC\" width=\"327\" height=\"143\" \/><\/p>\n<p style=\"font-weight: 400;\"><strong>El funcionario estatal subray\u00f3<\/strong> que de manera permanente el personal de la CEPC quien cuenta con diversas certificaciones, comparte sus conocimientos a distintos sectores de la poblaci\u00f3n, con el fin de incrementar la capacidad individual y colectiva para contribuir al cumplimiento de los fines de la protecci\u00f3n civil.<\/p>\n<p style=\"font-weight: 400;\">Cabe se\u00f1alar que durante la jornada de capacitaci\u00f3n, el personal administrativo y operativo de la <strong><a href=\"https:\/\/ssc.tlaxcala.gob.mx\/\">SSC<\/a><\/strong> conocer\u00e1 y fortalecer\u00e1 diversas tem\u00e1ticas en materia de prevenci\u00f3n, mitigaci\u00f3n <strong>de desastres y adecuado manejo de emergencias.<\/strong><\/p>\n<p style=\"font-weight: 400;\">Al final de los m\u00f3dulos los participantes recibir\u00e1n una constancia con validez oficial.<\/p>\n","protected":false},"excerpt":{"rendered":"<p>La Coordinaci\u00f3n Estatal de Protecci\u00f3n Civil (CEPC) puso en marcha una jornada de capacitaci\u00f3n dirigida a personal administrativo y operativo de la Secretar\u00eda de Seguridad Ciudadana (SSC), con el objetivo de fortalecer y ampliar sus conocimientos en temas relacionados a la prevenci\u00f3n, auxilio y atenci\u00f3n de situaciones de riesgo. Jos\u00e9 Antonio Ram\u00edrez Hern\u00e1ndez, titular de [&hellip;]<\/p>\n","protected":false},"author":3,"featured_media":0,"comment_status":"open","ping_status":"open","sticky":false,"template":"","format":"standard","meta":{"footnotes":""},"categories":[150],"tags":[155,809,1145,352,8092,153,5697],"yst_prominent_words":[15275,8108,8989,8475,10470,7746,7848,7842,22327,7928,7763,15517,7760,7759,8460,7640,11942,8083],"class_list":["post-123091","post","type-post","status-publish","format-standard","hentry","category-metropoli-tlaxcala","tag-capacitacion","tag-cepc","tag-personal","tag-slide","tag-ssc","tag-tlaxcala","tag-tlaxslideapp"],"_links":{"self":[{"href":"https:\/\/sintesis.com.mx\/tlaxcala\/wp-json\/wp\/v2\/posts\/123091"}],"collection":[{"href":"https:\/\/sintesis.com.mx\/tlaxcala\/wp-json\/wp\/v2\/posts"}],"about":[{"href":"https:\/\/sintesis.com.mx\/tlaxcala\/wp-json\/wp\/v2\/types\/post"}],"author":[{"embeddable":true,"href":"https:\/\/sintesis.com.mx\/tlaxcala\/wp-json\/wp\/v2\/users\/3"}],"replies":[{"embeddable":true,"href":"https:\/\/sintesis.com.mx\/tlaxcala\/wp-json\/wp\/v2\/comments?post=123091"}],"version-history":[{"count":0,"href":"https:\/\/sintesis.com.mx\/tlaxcala\/wp-json\/wp\/v2\/posts\/123091\/revisions"}],"wp:attachment":[{"href":"https:\/\/sintesis.com.mx\/tlaxcala\/wp-json\/wp\/v2\/media?parent=123091"}],"wp:term":[{"taxonomy":"category","embeddable":true,"href":"https:\/\/sintesis.com.mx\/tlaxcala\/wp-json\/wp\/v2\/categories?post=123091"},{"taxonomy":"post_tag","embeddable":true,"href":"https:\/\/sintesis.com.mx\/tlaxcala\/wp-json\/wp\/v2\/tags?post=123091"},{"taxonomy":"yst_prominent_words","embeddable":true,"href":"https:\/\/sintesis.com.mx\/tlaxcala\/wp-json\/wp\/v2\/yst_prominent_words?post=123091"}],"curies":[{"name":"wp","href":"https:\/\/api.w.org\/{rel}","templated":true}]}}