{"id":127080,"date":"2021-04-16T11:08:59","date_gmt":"2021-04-16T16:08:59","guid":{"rendered":"https:\/\/sintesis.com.mx\/tlaxcala\/?p=127080"},"modified":"2021-04-16T11:08:59","modified_gmt":"2021-04-16T16:08:59","slug":"se-suma-croc-proyecto-cuellar","status":"publish","type":"post","link":"https:\/\/sintesis.com.mx\/tlaxcala\/2021\/04\/16\/se-suma-croc-proyecto-cuellar\/","title":{"rendered":"Se suma la CROC al proyecto de Lorena Cu\u00e9llar Cisneros"},"content":{"rendered":"<p>Integrantes la Confederaci\u00f3n Revolucionaria de Obreros y Campesinos en el estado <strong><a href=\"https:\/\/sintesis.com.mx\/tlaxcala\/2020\/11\/17\/outsourcing-disfrazar-explotacion-croc\/\">(CROC),<\/a><\/strong> se sumaron al proyecto de la candidata a la gubernatura de la coalici\u00f3n \u201cJuntos Haremos Historia en Tlaxcala\u201d, Lorena Cu\u00e9llar Cisneros, pues aseguraron conf\u00edan en su <strong>labor humanista y cercan\u00eda con las necesidades de la poblaci\u00f3n.<\/strong><\/p>\n<p>Justino Hern\u00e1ndez Xolocotzi, Secretario General de la CROC Tlaxcala, refiri\u00f3 que Cu\u00e9llar Cisneros es una mujer que cumple sus promesas y sobre todo las que realiza a la sociedad m\u00e1s necesitada, por lo que en consenso con los trabajadores y los dirigentes han decidido sumarse a la campa\u00f1a de Cu\u00e9llar Cisneros.<\/p>\n<p><img loading=\"lazy\" decoding=\"async\" class=\"size-medium wp-image-127085 alignleft\" src=\"https:\/\/sintesis.com.mx\/tlaxcala\/wp-content\/uploads\/2021\/04\/WhatsApp-Image-2021-04-16-at-9.32.22-AM-300x200.jpeg\" alt=\"Se suma la CROC al proyecto de Lorena Cu\u00e9llar Cisneros\" width=\"300\" height=\"200\" \/><\/p>\n<p><strong>\u201cEn la CROC no obligamos a los trabajadores para que voten<\/strong> por uno u otro partido o candidato, en la CROC los invitamos\u00a0 a que se sumen a los proyectos que en verdad tengan un beneficio para las y los trabajadores y de cada tlaxcalteca. Estamos convencidos de que el gobierno que encabeza el presidente de la Rep\u00fablica, L\u00f3pez Obrador, busca el equilibro econ\u00f3mico, pues hemos visto incrementos de salario que jam\u00e1s se hab\u00edan dado, siendo la punta de lanza para la negociaci\u00f3n de los contratos colectivos de trabajo y mejorar las prestaciones de los compa\u00f1eros\u201d.<\/p>\n<p>Hern\u00e1ndez Xolocotzi, coment\u00f3 que dentro de las propuestas m\u00e1s interesante que le han llamado la atenci\u00f3n es la creaci\u00f3n de la cl\u00ednica para atenci\u00f3n para pacientes con problemas renales, por lo que dijo respalda y conf\u00eda en que s\u00ed le cumplir\u00e1 a la sociedad, pues sabe del <strong>trabajo y experiencia que la respalda.<\/strong><\/p>\n<p><em>Por su parte, Lorena Cu\u00e9llar Cisneros, refiri\u00f3 que estar\u00e1n trabajando con el respaldo del gobierno federal para el beneficio de todos los trabajadores del estado; se\u00f1al\u00f3 que la clase trabajadora y las organizaciones gremiales son prioridad en el gobierno de L\u00f3pez Obrador y lo ser\u00e1 para ella.<\/em><\/p>\n<p><img loading=\"lazy\" decoding=\"async\" class=\"size-medium wp-image-127083 alignright\" src=\"https:\/\/sintesis.com.mx\/tlaxcala\/wp-content\/uploads\/2021\/04\/WhatsApp-Image-2021-04-16-at-9.32.20-AM-1-300x200.jpeg\" alt=\"Se suma la CROC al proyecto de Lorena Cu\u00e9llar Cisneros\" width=\"300\" height=\"200\" \/><\/p>\n<p>Refiri\u00f3 que en Tlaxcala hay 224 mil 220 trabajadores en los diferentes sectores de la econom\u00eda, de estos el 46 por ciento son mujeres y el 54 por ciento hombres, de todos ellos dijo ser\u00e1 una firme aliada para proteger sus <strong>derechos laborales y sus derechos sociales.<\/strong><\/p>\n<p>\u201cEstoy con ustedes, van tener una gobernadora que ser\u00e1 muy cerca de los trabajadores del Estado, me empe\u00f1are de manera incansable en promover inversi\u00f3n productiva y el establecimiento de nuevas empresas para aumentar la oferta de empleos\u201d.<\/p>\n<p>Finalmente, anunci\u00f3 la creaci\u00f3n de guarder\u00edas dignas para los hijos de madres trabajadoras y el impulsar el mejoramiento del transporte p\u00fablico en coordinaci\u00f3n con el Gobierno Federal, <strong>as\u00ed como mejorar y ampliar la cobertura de los servicios de salud.<\/strong><\/p>\n<p>&nbsp;<\/p>\n","protected":false},"excerpt":{"rendered":"<p>Integrantes la Confederaci\u00f3n Revolucionaria de Obreros y Campesinos en el estado (CROC), se sumaron al proyecto de la candidata a la gubernatura de la coalici\u00f3n \u201cJuntos Haremos Historia en Tlaxcala\u201d, Lorena Cu\u00e9llar Cisneros, pues aseguraron conf\u00edan en su labor humanista y cercan\u00eda con las necesidades de la poblaci\u00f3n. Justino Hern\u00e1ndez Xolocotzi, Secretario General de la [&hellip;]<\/p>\n","protected":false},"author":41,"featured_media":0,"comment_status":"open","ping_status":"open","sticky":false,"template":"","format":"standard","meta":{"footnotes":""},"categories":[150],"tags":[1514,51287,2709,352,153,5697],"yst_prominent_words":[11655,7849,10652,7851,7836,7937,8345,7848,10865,9079,8899,10523,10522,10519,10860,8624,8168,7536,7988,10866],"class_list":["post-127080","post","type-post","status-publish","format-standard","hentry","category-metropoli-tlaxcala","tag-croc","tag-labor-humanista","tag-lorena-cuellar-cisneros","tag-slide","tag-tlaxcala","tag-tlaxslideapp"],"_links":{"self":[{"href":"https:\/\/sintesis.com.mx\/tlaxcala\/wp-json\/wp\/v2\/posts\/127080"}],"collection":[{"href":"https:\/\/sintesis.com.mx\/tlaxcala\/wp-json\/wp\/v2\/posts"}],"about":[{"href":"https:\/\/sintesis.com.mx\/tlaxcala\/wp-json\/wp\/v2\/types\/post"}],"author":[{"embeddable":true,"href":"https:\/\/sintesis.com.mx\/tlaxcala\/wp-json\/wp\/v2\/users\/41"}],"replies":[{"embeddable":true,"href":"https:\/\/sintesis.com.mx\/tlaxcala\/wp-json\/wp\/v2\/comments?post=127080"}],"version-history":[{"count":0,"href":"https:\/\/sintesis.com.mx\/tlaxcala\/wp-json\/wp\/v2\/posts\/127080\/revisions"}],"wp:attachment":[{"href":"https:\/\/sintesis.com.mx\/tlaxcala\/wp-json\/wp\/v2\/media?parent=127080"}],"wp:term":[{"taxonomy":"category","embeddable":true,"href":"https:\/\/sintesis.com.mx\/tlaxcala\/wp-json\/wp\/v2\/categories?post=127080"},{"taxonomy":"post_tag","embeddable":true,"href":"https:\/\/sintesis.com.mx\/tlaxcala\/wp-json\/wp\/v2\/tags?post=127080"},{"taxonomy":"yst_prominent_words","embeddable":true,"href":"https:\/\/sintesis.com.mx\/tlaxcala\/wp-json\/wp\/v2\/yst_prominent_words?post=127080"}],"curies":[{"name":"wp","href":"https:\/\/api.w.org\/{rel}","templated":true}]}}