{"id":128549,"date":"2021-04-30T15:35:50","date_gmt":"2021-04-30T20:35:50","guid":{"rendered":"https:\/\/sintesis.com.mx\/tlaxcala\/?p=128549"},"modified":"2021-04-30T15:35:50","modified_gmt":"2021-04-30T20:35:50","slug":"actividades-estatal-de-atletismo","status":"publish","type":"post","link":"https:\/\/sintesis.com.mx\/tlaxcala\/2021\/04\/30\/actividades-estatal-de-atletismo\/","title":{"rendered":"Realizan primer d\u00eda de actividades del estatal de atletismo"},"content":{"rendered":"<p>Se realiza el primero de tres d\u00edas de competencias en la disciplina de atletismo, en la fase estatal del proceso de los Juegos Nacionales <strong><a href=\"https:\/\/failover.www.gob.mx\/mantenimiento.html\">CONADE 2021,<\/a><\/strong> la cual tuvo acci\u00f3n en las instalaciones del Instituto del Deporte de Tlaxcala <strong><a href=\"https:\/\/sintesis.com.mx\/tlaxcala\/2021\/03\/22\/continua-votacion-video-fitfem-idet\/\">(IDET)<\/a> <\/strong>a partir de las 9:00 horas con la <strong>participaci\u00f3n m\u00e1s de 100 atletas en 22 eventos.<\/strong><\/p>\n<p>Los ganadores en los mil 500 metros planos, varonil, categor\u00eda sub 20, del primero al tercer lugar fueron Ezequiel Hern\u00e1ndez, Ulises Calvario e Iv\u00e1n Oswaldo Nava; en la sub 23, el ganador fue Samuel Hern\u00e1ndez; le sigui\u00f3 Kenjiro Cuauhtle P\u00e9rez\u00a0 y Pedro Meza; en\u00a0 la sub 18, Ricardo Reyes Lara, Abel P\u00e9rez y Rodrigo V\u00e1zquez, <strong>son los tres ganadores.<\/strong><\/p>\n<p>En tanto\u00a0 que en la rama femenil,\u00a0 categor\u00eda sub 18, Natalia Elizalde Valencia, Samantha F. Mu\u00f1oz y Lesbly Hern\u00e1ndez, quedan en los primeros lugares; en sub 20, las ganadoras fueron Luz Moserrat Ortega\u00a0 y en segundo lugar Am\u00e9rica Paloma Espinoza; en la sub 23,\u00a0 Los tres primeros lugares fueron,<strong> Elizabet Tuxpan, Karen Michel V\u00e1zquez y Paola Xana Casillas.<\/strong><\/p>\n<p><strong>Respecto a las competencia de los 400 metros planos de la rama varonil,<\/strong> en la sub 18, Iv\u00e1n Mac\u00edas Santiago, Jorge Iv\u00e1n Bocanegra\u00a0 y Arturo Gonz\u00e1lez Hern\u00e1ndez, llegaron a la meta en el primer, segundo\u00a0 y tercer lugar, respectivamente; en la sub 20, Luis \u00c1ngel Pilotzi logr\u00f3 ganarle a Seraf\u00edn Hern\u00e1ndez; en la sub 23, el primero segundo y tercer lugar fueron para Pedro S\u00e1nchez Flores, Mervin Rivera Portillo\u00a0 y Ernesto Rivera Portillo, respectivamente.<\/p>\n<p><strong>En esta misma prueba, pero de la rama femenil,<\/strong> en la sub 18; los tres primeros lugares fueron para Ximena A. Andrea Andrade, Guadalupe Tecocoatzi y Nadia Cuatecontzi; en la sub 20, qued\u00f3 en orden de llegada Maya Karina Rivera; Mari Jos\u00e9 Ortiz y Gabriela Gallegos; en la sub 23, Estefan\u00eda Arroyo como ganadora absoluta.<\/p>\n<p><em>En la prueba de los 100 metros, rama femenil, categor\u00eda\u00a0 sub 20, la presea dorada fue para Mar\u00eda Isabel S\u00e1nchez; en la sub 18,\u00a0 el primer lugar fue para Guadalupe Rivera y en segundo Fany Alondra Cant\u00fa.<\/em><\/p>\n<p>En la rama varonil, sub 23,\u00a0 el ganador fue Juan Carlos Hern\u00e1ndez; en la sub 20,\u00a0 El ganador fue Julio Ernesto L\u00f3pez; segundo lugar, Leonel Guzm\u00e1n y en tercer lugar qued\u00f3 Ismael Susano; en la sub 18,<strong> Leonardo Cant\u00fa, Brush Ugarte Herrera y Jos\u00e9 M. Mart\u00ednez.<\/strong><\/p>\n<p>En la prueba de los 10 mil metros planos, de la rama femenil en la categor\u00eda\u00a0 Sub23,\u00a0 el primer lugar fue para Samantha Yazm\u00edn Elizalde; segundo, Carla Rub\u00ed Pimentel y tercer sitio se ubic\u00f3<strong> Elizabeth Tlatlepantzi.<\/strong><\/p>\n<p>En la rama varonil, de esta prueba, de la categor\u00eda sub20,\u00a0 Jos\u00e9 Manuel Romero lleg\u00f3 en primer lugar y en segundo Oscar Ram\u00edrez Vargas; en la sub 23, Erick Salvador P\u00e9rez, Carlos Alberto \u00c1lvarez ganadores de las medallas de oro, plata y bronce, respectivamente.<\/p>\n<p>En la prueba de los cinco mil metros\u00a0 caminata, rama femenil\u00a0 categor\u00eda sub 18, los tres primeros lugares fueron para Marcela Castillo, Aylin Rodr\u00edguez y Venuz San Luis Madera.<\/p>\n<p>Para este s\u00e1bado primero de mayo, continuar\u00e1 el segundo d\u00eda de competencia, de donde <strong>saldr\u00e1n los calificados para el pase regional que se realizar\u00e1 en el mes de mayo en el estado de Morelos.<\/strong><\/p>\n","protected":false},"excerpt":{"rendered":"<p>Se realiza el primero de tres d\u00edas de competencias en la disciplina de atletismo, en la fase estatal del proceso de los Juegos Nacionales CONADE 2021, la cual tuvo acci\u00f3n en las instalaciones del Instituto del Deporte de Tlaxcala (IDET) a partir de las 9:00 horas con la participaci\u00f3n m\u00e1s de 100 atletas en 22 [&hellip;]<\/p>\n","protected":false},"author":5,"featured_media":0,"comment_status":"open","ping_status":"open","sticky":false,"template":"","format":"standard","meta":{"footnotes":""},"categories":[6],"tags":[2356,51463,651,51451,153,154,5073],"yst_prominent_words":[21374,16653],"class_list":["post-128549","post","type-post","status-publish","format-standard","hentry","category-deportes","tag-conade","tag-estatal-de-atletismo","tag-idet","tag-juegos-nacionales","tag-tlaxcala","tag-tlaxesnoticia","tag-tlaxesnoticiaapp"],"_links":{"self":[{"href":"https:\/\/sintesis.com.mx\/tlaxcala\/wp-json\/wp\/v2\/posts\/128549"}],"collection":[{"href":"https:\/\/sintesis.com.mx\/tlaxcala\/wp-json\/wp\/v2\/posts"}],"about":[{"href":"https:\/\/sintesis.com.mx\/tlaxcala\/wp-json\/wp\/v2\/types\/post"}],"author":[{"embeddable":true,"href":"https:\/\/sintesis.com.mx\/tlaxcala\/wp-json\/wp\/v2\/users\/5"}],"replies":[{"embeddable":true,"href":"https:\/\/sintesis.com.mx\/tlaxcala\/wp-json\/wp\/v2\/comments?post=128549"}],"version-history":[{"count":0,"href":"https:\/\/sintesis.com.mx\/tlaxcala\/wp-json\/wp\/v2\/posts\/128549\/revisions"}],"wp:attachment":[{"href":"https:\/\/sintesis.com.mx\/tlaxcala\/wp-json\/wp\/v2\/media?parent=128549"}],"wp:term":[{"taxonomy":"category","embeddable":true,"href":"https:\/\/sintesis.com.mx\/tlaxcala\/wp-json\/wp\/v2\/categories?post=128549"},{"taxonomy":"post_tag","embeddable":true,"href":"https:\/\/sintesis.com.mx\/tlaxcala\/wp-json\/wp\/v2\/tags?post=128549"},{"taxonomy":"yst_prominent_words","embeddable":true,"href":"https:\/\/sintesis.com.mx\/tlaxcala\/wp-json\/wp\/v2\/yst_prominent_words?post=128549"}],"curies":[{"name":"wp","href":"https:\/\/api.w.org\/{rel}","templated":true}]}}