{"id":130577,"date":"2021-05-22T13:30:13","date_gmt":"2021-05-22T18:30:13","guid":{"rendered":"https:\/\/sintesis.com.mx\/tlaxcala\/?p=130577"},"modified":"2021-05-22T13:30:13","modified_gmt":"2021-05-22T18:30:13","slug":"datos-libres-derecho","status":"publish","type":"post","link":"https:\/\/sintesis.com.mx\/tlaxcala\/2021\/05\/22\/datos-libres-derecho\/","title":{"rendered":"Datos libres, un derecho por el que luchar\u00e1 Pedro P\u00e9rez Lira"},"content":{"rendered":"<p><strong>Datos libres<\/strong>, <strong>Internet para todos<\/strong>, ser\u00e1 una de las <strong>gestiones que realizar\u00e1 <a href=\"https:\/\/twitter.com\/pedroprezlira1\">Pedro P\u00e9rez Lira<\/a><\/strong>, <strong>candidato de Movimiento Ciudadano (<a href=\"https:\/\/sintesis.com.mx\/tlaxcala\/2021\/04\/12\/movimiento-ciudadano-servir-pedro\/\">MC<\/a>)<\/strong> a <strong>diputado federal<\/strong> por el <strong>segundo Distrito Electoral de Tlaxcala<\/strong>.<\/p>\n<p>Refiri\u00f3 que el estado requiere de la tecnolog\u00eda para dejar la marginaci\u00f3n, aspecto en el que coincidieron maestros y j\u00f3venes reunidos con el candidato de MC, P\u00e9rez Lira.<\/p>\n<p>\u201cNecesitamos datos libres para hacer nuestras tareas, para seguir con la educaci\u00f3n en l\u00ednea para mantenernos actualizados, este nivel de tecnolog\u00eda se encuentra dentro del movimiento educativo, del movimiento de j\u00f3venes, del movimiento econ\u00f3mico, todos ellos incluidos en evoluci\u00f3n mexicana.<\/p>\n<p>El candidato naranja por el Distrito Electoral Federa II, recalc\u00f3 la oportunidad de progreso mediante un permanente acceso a la red, sin costo para los usuarios y que involucre a gobiernos y proveedores comprometidos con la gente y con una de sus necesidades inaplazables.<\/p>\n<p>\u00abLa tecnolog\u00eda es trabajo, es conocimiento, es una fuente de ingreso, sin ella seguir\u00edamos con un crecimiento negativo, con esa mala compa\u00f1\u00eda que nos ha afectado desde que nos consideraban un estado desigual, eso no lo vamos a permitir\u00bb, afirm\u00f3 P\u00e9rez Lira.<\/p>\n<p>Pueden estar seguros, dijo el candidato de MC a los grupos docentes, de estudiantes, la mayor\u00eda j\u00f3venes, que este, el acceso al internet para todos es uno de mis principales compromisos y lo vamos a cumplir por eso estoy pidiendo a todos su voto de confianza y su voto efectivo este seis de junio\u00bb, subray\u00f3.<\/p>\n","protected":false},"excerpt":{"rendered":"<p>Datos libres, Internet para todos, ser\u00e1 una de las gestiones que realizar\u00e1 Pedro P\u00e9rez Lira, candidato de Movimiento Ciudadano (MC) a diputado federal por el segundo Distrito Electoral de Tlaxcala. Refiri\u00f3 que el estado requiere de la tecnolog\u00eda para dejar la marginaci\u00f3n, aspecto en el que coincidieron maestros y j\u00f3venes reunidos con el candidato de [&hellip;]<\/p>\n","protected":false},"author":30,"featured_media":0,"comment_status":"open","ping_status":"open","sticky":false,"template":"","format":"standard","meta":{"footnotes":""},"categories":[51511,150],"tags":[3358,25531,53,36,51696,51697,51160,352,3326,153],"yst_prominent_words":[10762,9223,8266,12981,27685,8659,22809,7775,49180,17740,13334,8448,8689,9254,7517],"class_list":["post-130577","post","type-post","status-publish","format-standard","hentry","category-elecciones","category-metropoli-tlaxcala","tag-candidato","tag-datos","tag-derecho","tag-elecciones","tag-libres","tag-luchara","tag-pedro-perez-lira","tag-slide","tag-slideapp","tag-tlaxcala"],"_links":{"self":[{"href":"https:\/\/sintesis.com.mx\/tlaxcala\/wp-json\/wp\/v2\/posts\/130577"}],"collection":[{"href":"https:\/\/sintesis.com.mx\/tlaxcala\/wp-json\/wp\/v2\/posts"}],"about":[{"href":"https:\/\/sintesis.com.mx\/tlaxcala\/wp-json\/wp\/v2\/types\/post"}],"author":[{"embeddable":true,"href":"https:\/\/sintesis.com.mx\/tlaxcala\/wp-json\/wp\/v2\/users\/30"}],"replies":[{"embeddable":true,"href":"https:\/\/sintesis.com.mx\/tlaxcala\/wp-json\/wp\/v2\/comments?post=130577"}],"version-history":[{"count":0,"href":"https:\/\/sintesis.com.mx\/tlaxcala\/wp-json\/wp\/v2\/posts\/130577\/revisions"}],"wp:attachment":[{"href":"https:\/\/sintesis.com.mx\/tlaxcala\/wp-json\/wp\/v2\/media?parent=130577"}],"wp:term":[{"taxonomy":"category","embeddable":true,"href":"https:\/\/sintesis.com.mx\/tlaxcala\/wp-json\/wp\/v2\/categories?post=130577"},{"taxonomy":"post_tag","embeddable":true,"href":"https:\/\/sintesis.com.mx\/tlaxcala\/wp-json\/wp\/v2\/tags?post=130577"},{"taxonomy":"yst_prominent_words","embeddable":true,"href":"https:\/\/sintesis.com.mx\/tlaxcala\/wp-json\/wp\/v2\/yst_prominent_words?post=130577"}],"curies":[{"name":"wp","href":"https:\/\/api.w.org\/{rel}","templated":true}]}}