{"id":134751,"date":"2021-07-13T13:06:28","date_gmt":"2021-07-13T18:06:28","guid":{"rendered":"https:\/\/sintesis.com.mx\/tlaxcala\/?p=134751"},"modified":"2021-07-13T13:06:28","modified_gmt":"2021-07-13T18:06:28","slug":"transporte-300-kilos-marihuana-fgr","status":"publish","type":"post","link":"https:\/\/sintesis.com.mx\/tlaxcala\/2021\/07\/13\/transporte-300-kilos-marihuana-fgr\/","title":{"rendered":"Por transporte de 300 kilos de marihuana FGR obtiene prisi\u00f3n preventiva contra persona"},"content":{"rendered":"<p class=\"yiv8329341190ydp6503e231MsoNormal\">El Ministerio P\u00fablico de la<span lang=\"ES\">\u00a0Fiscal\u00eda General de la Rep\u00fablica <strong><a href=\"https:\/\/sintesis.com.mx\/tlaxcala\/2021\/06\/30\/imparte-fgr-platicas-prevencion-delito\/\">(FGR)<\/a> <\/strong>en Tlaxcala, obtuvo vinculaci\u00f3n a proceso y prisi\u00f3n preventiva oficiosa contra una persona por delitos contra la salud. <strong>El imputado fue detenido en la autopista Arco Norte con direcci\u00f3n al estado de Quer\u00e9taro.<\/strong><\/span><\/p>\n<p class=\"yiv8329341190ydp6503e231MsoNormal\"><span lang=\"ES\">De acuerdo con los hechos, elementos de la Polic\u00eda Federal Ministerial (PFM) y de la Guardia Nacional (GN), al realizar actos de investigaci\u00f3n observaron que el conductor de un <strong>veh\u00edculo cometi\u00f3 una infracci\u00f3n, por lo que le marcaron el alto.<\/strong><\/span><\/p>\n<p class=\"yiv8329341190ydp6503e231MsoNormal\"><span lang=\"ES\">Al realizar una inspecci\u00f3n vehicular, <strong>los elementos aprehensores localizaron diversos paquetes en cuyo interior hab\u00eda hierba seca,<\/strong> color verde con las caracter\u00edsticas de la marihuana, por lo que pusieron a disposici\u00f3n del Fiscal Federal a Jes\u00fas \u201cN\u201d, por probables hechos constitutivos de delito.<\/span><\/p>\n<p class=\"yiv8329341190ydp6503e231MsoNormal\"><span lang=\"ES\">El Ministerio P\u00fablico Federal (MPF) formul\u00f3 imputaci\u00f3n por delitos contra la salud en su modalidad de transporte de 310.2 kilogramos de cannabis sativa.<\/span><\/p>\n<p class=\"yiv8329341190ydp6503e231MsoNormal\"><span lang=\"ES\">En la audiencia inicial el Juez de Control calific\u00f3 de legal la detenci\u00f3n por el delito antes referido, vincul\u00f3 a proceso e impuso la prisi\u00f3n preventiva oficiosa como medida cautelar.<strong> Se fij\u00f3 tres meses para el cierre de investigaci\u00f3n complementaria.<\/strong><\/span><\/p>\n","protected":false},"excerpt":{"rendered":"<p>El Ministerio P\u00fablico de la\u00a0Fiscal\u00eda General de la Rep\u00fablica (FGR) en Tlaxcala, obtuvo vinculaci\u00f3n a proceso y prisi\u00f3n preventiva oficiosa contra una persona por delitos contra la salud. El imputado fue detenido en la autopista Arco Norte con direcci\u00f3n al estado de Quer\u00e9taro. De acuerdo con los hechos, elementos de la Polic\u00eda Federal Ministerial (PFM) [&hellip;]<\/p>\n","protected":false},"author":3,"featured_media":0,"comment_status":"open","ping_status":"open","sticky":false,"template":"","format":"standard","meta":{"footnotes":""},"categories":[51513,9],"tags":[6288,52273,153,154,5073,52274,51569],"yst_prominent_words":[9476,8082,8075,7935,8359,17681,9532,13306,7615,20695,28366,7624,21226,28357,8667,7569,10396,7809],"class_list":["post-134751","post","type-post","status-publish","format-standard","hentry","category-justicia","category-municipios","tag-fgr","tag-prision-preventiva","tag-tlaxcala","tag-tlaxesnoticia","tag-tlaxesnoticiaapp","tag-transporte-de-marihuana","tag-vinculacion-a-proceso"],"_links":{"self":[{"href":"https:\/\/sintesis.com.mx\/tlaxcala\/wp-json\/wp\/v2\/posts\/134751"}],"collection":[{"href":"https:\/\/sintesis.com.mx\/tlaxcala\/wp-json\/wp\/v2\/posts"}],"about":[{"href":"https:\/\/sintesis.com.mx\/tlaxcala\/wp-json\/wp\/v2\/types\/post"}],"author":[{"embeddable":true,"href":"https:\/\/sintesis.com.mx\/tlaxcala\/wp-json\/wp\/v2\/users\/3"}],"replies":[{"embeddable":true,"href":"https:\/\/sintesis.com.mx\/tlaxcala\/wp-json\/wp\/v2\/comments?post=134751"}],"version-history":[{"count":0,"href":"https:\/\/sintesis.com.mx\/tlaxcala\/wp-json\/wp\/v2\/posts\/134751\/revisions"}],"wp:attachment":[{"href":"https:\/\/sintesis.com.mx\/tlaxcala\/wp-json\/wp\/v2\/media?parent=134751"}],"wp:term":[{"taxonomy":"category","embeddable":true,"href":"https:\/\/sintesis.com.mx\/tlaxcala\/wp-json\/wp\/v2\/categories?post=134751"},{"taxonomy":"post_tag","embeddable":true,"href":"https:\/\/sintesis.com.mx\/tlaxcala\/wp-json\/wp\/v2\/tags?post=134751"},{"taxonomy":"yst_prominent_words","embeddable":true,"href":"https:\/\/sintesis.com.mx\/tlaxcala\/wp-json\/wp\/v2\/yst_prominent_words?post=134751"}],"curies":[{"name":"wp","href":"https:\/\/api.w.org\/{rel}","templated":true}]}}