{"id":137964,"date":"2021-08-17T08:00:48","date_gmt":"2021-08-17T13:00:48","guid":{"rendered":"https:\/\/sintesis.com.mx\/tlaxcala\/?p=137964"},"modified":"2021-08-16T19:15:56","modified_gmt":"2021-08-17T00:15:56","slug":"mueganos-vestido-virgen-caridad","status":"publish","type":"post","link":"https:\/\/sintesis.com.mx\/tlaxcala\/2021\/08\/17\/mueganos-vestido-virgen-caridad\/","title":{"rendered":"Mu\u00e9ganos Huamantlecos"},"content":{"rendered":"<p style=\"text-align: left;\" align=\"center\"><strong>Gabriel Flores Hern\u00e1ndez<\/strong><\/p>\n<p><span lang=\"ES-MX\">Cada a\u00f1o el 13 de agosto, es un d\u00eda especial para Huamantla, es el d\u00eda cuando la Virgen de La Caridad cambia de Vestido, Manto, Mantilla y accesorios que son donados por personas que han recibido alg\u00fan milagro de la Sant\u00edsima Virgen; este a\u00f1o no fue la excepci\u00f3n y a pesar de la pandemia, la Cofradia de Bordadoras, se dio a la tarea de comenzar estos trabajos de fe y arte, des el mes de mayo, para ser hoy una realidad. \u00a0<\/span><\/p>\n<p><span lang=\"ES-MX\">A pesar de ser un evento a puerta cerrada, se llev\u00f3 a cabo y los huamantlecos, cumplieron con este ofrecimiento, que se inscribe en los motivos que le dieron a Huamantla, el t\u00edtulo de \u201cPueblo M\u00e1gico\u201d desde el 14 de agosto del a\u00f1o 2007, hace 14 a\u00f1os. \u00a0<\/span><\/p>\n<p><span lang=\"ES-MX\">Este a\u00f1o, el vestido de la Virgen, lleva el tema de nuestra iglesia cat\u00f3lica para este 2021, \u201cLa Sagrada Familia\u201d, una bella imagen que lleva a Jes\u00fas, Mar\u00eda y el Ni\u00f1o Dios, esas im\u00e1genes permanecer\u00e1n todo un a\u00f1o 2021 \u2013 2022, hasta el 13 de agosto del pr\u00f3ximo a\u00f1o.\u00a0<\/span><\/p>\n<p><span lang=\"ES-MX\">Despu\u00e9s del rito m\u00edstico de cambio de su vestuario a la Virgen, con la presencia del Obispo de Tlaxcala Julio Cesar Salcedo Aquino, y el Presb\u00edtero, Padre Raymundo Mu\u00f1oz Paredes, se llev\u00f3 a cabo la Santa Misa Eucar\u00edstica, misma que transmitimos a trav\u00e9s de nuestras emisoras \u201cStereo M\u00e1gica\u201d y redes sociales. \u00a0<\/span><\/p>\n<p><span lang=\"ES-MX\">\u201cGrupo Begaalfe Comunicaciones\u201d y estos \u201cMu\u00e9ganos Huamantlecos\u201d reconocemos el arte, sentimientos de fe y tradici\u00f3n que han quedado plasmados por manos art\u00edsticas de cada una de las bordadoras, que dejan sus actividades personales, para dedicar las tardes, y asistir a la Casa Museo \u201cCarito Hern\u00e1ndez Castillo\u201d, para bordar el nuevo vestido de la Sant\u00edsima Virgen de La Caridad; no olvidamos elevar una oraci\u00f3n a la Maestra Carito Hern\u00e1ndez Castillo, q.e.p.d. quien por muchos a\u00f1os dedico parte de su vida a esta noble y bonita tradici\u00f3n. Felicidades Huamantla. \u00a0<\/span><\/p>\n<p><span lang=\"ES-MX\">En \u201cGrupo Begaalfe Comunicaciones\u201d y \u201cMu\u00e9ganos Huamantlecos\u201d estamos de manteles largos, al festejar el octavo aniversario de transmisiones de nuestra emisora \u201cPlaneta Digital FM\u201d y octavo aniversario de haberse integrado \u201cGrupo Begaalfe Comunicaciones\u201d empresa de medios de comunicaci\u00f3n con Marca Registrada. \u00a0<\/span><\/p>\n<p><span lang=\"ES-MX\">En aquel a\u00f1o 2013, siendo padrino el Lic. Jose Alejandro Aguilar L\u00f3pez, la patadita de la suerte nos llevar\u00eda, hoy en el a\u00f1o 2021, a crecer exponencialmente de solo estar presentes en Tlaxcala, a crecer y tener actualmente presencia en 14 Estados de la Rep\u00fablica Mexicana, con emisoras que transmiten las 24 horas del d\u00eda en se\u00f1al internacional, a todo el mundo; y dos emisoras fuera de M\u00e9xico, hasta el otro lado del charco. \u00a0<\/span><\/p>\n<p><span lang=\"ES-MX\">Pero hoy tambi\u00e9n reconocemos, otra tradici\u00f3n que es sin\u00f3nimo de fe y amor y amor a la Virgen de La Caridad, por igual siempre importante, me refiero a la donaci\u00f3n que la Familia Soler, hace mediante el \u201cCarrito\u201d que es utilizado para la procesi\u00f3n de la Virgen de la Caridad, en \u201cLa Noche que Nadie Duerme\u201d, este a\u00f1o, igual que el anterior, no hubo procesi\u00f3n de \u201cLa Noche que Nadie Duerme\u201d, por lo que permaneci\u00f3 en exhibici\u00f3n en el atrio de la Bas\u00edlica, por espacio de algunos d\u00edas, para que las familias huamantlecas y visitantes pudieran conocer este carrito, que habr\u00eda de ser utilizado, en esta fecha especial, de no ser por la tan tra\u00edda, llevada y temida pandemia que hoy nos ocupa con la tercera ola, cuando el n\u00famero de contagiados va en ascenso. Elevamos nuestras oraciones porque el pr\u00f3ximo a\u00f1o, las cosas cambien y tengamos tiempo mejores. \u00a0<\/span><\/p>\n<p><span lang=\"ES-MX\">Hoy nuestros espacios en esta columna \u201cMu\u00e9ganos Huamantlecos\u201d ser\u00edan insuficientes, pero <\/span><span lang=\"ES-MX\">vamos con \u201cSegundo Tercio, Radio Taurina\u201d porque el siguiente fin de semana habr\u00eda sido d\u00eda de intensas emociones, al rojo vivo, con la tradicional \u201cHuamantlada\u201d a la que llegar\u00edan miles y miles de j\u00f3venes y aficionados a la fiesta brava. Viernes seria noche de D3esfile de Burladeros\u201d y al d\u00eda siguiente de \u201cHuamantlada\u201d, si el pr\u00f3ximo a\u00f1o, las cosas cambian, a nuestro Presidente Municipal Electo Salvador Santos Cedillo, le sugerimos regresar este Desfile de \u201cNoche de Burladeros\u201d, la organizaci\u00f3n al Lic. Jos\u00e9 Alejandro Aguilar L\u00f3pez, fundador de este desfile que trascendi\u00f3 fronteras; y esto porque lamentablemente quien ya se va, simplemente quedo a deber junto con sus p\u00e9simos organizadores. \u00a0<\/span><\/p>\n<p><span lang=\"ES-MX\">Queremos felicitar a nuestro bello y excelente \u201cMuseo Nacional del T\u00edtere\u201d\u00a0\u00a0que esta cumpliendo sus primeros treinta a\u00f1os de existencia, siendo un verdadero orgullo el contar con este sitio, de renombre e importancia internacional, \u00a0<\/span><\/p>\n<p><span lang=\"ES-MX\">El\u00a0<strong>Instituto Tlaxcalteca de la Cultura<\/strong><b>\u00a0<\/b>celebr\u00f3 30 a\u00f1os del<b>\u00a0<\/b><strong>Museo Nacional del T\u00edtere Rosete Aranda<\/strong>\u00a0ubicado en la ciudad de\u00a0<a href=\"https:\/\/sintesis.com.mx\/tlaxcala\/2021\/08\/03\/huamantla-tradiciones-nivel-internacional\/\" target=\"_blank\" rel=\"nofollow noopener noreferrer\">Huamantla<\/a>, museo que guarda una amplia tradici\u00f3n titiritera. \u00a0<\/span><\/p>\n<h4 style=\"text-align: center;\"><em><span lang=\"ES-MX\">\u201cEl Museo Nacional del T\u00edtere es un lazo estrecho entre las comunidades tlaxcaltecas y su relaci\u00f3n directa con la historia de espacios p\u00fablicos y la comunidad de artistas dedicados al mundo titiritero que por tres d\u00e9cadas ha representado un referente de visita a nivel estatal, nacional e internacional\u201d<\/span><span lang=\"ES-MX\">.<\/span><span lang=\"ES-MX\">\u00a0\u00a0<\/span><\/em><\/h4>\n<p><span lang=\"ES-MX\">El museo guarda mecanismos y programas que permiten sostener y mantener en tiempo y forma el espacio de la memoria, ya que\u00a0<strong>guarda colecciones de t\u00edteres originales de nacional e internacional<\/strong>, adem\u00e1s de ser uno de los puntos m\u00e1s visitados del estado. \u00a0<\/span><\/p>\n<p><span lang=\"ES-MX\">El Museo Nacional del T\u00edtere es<strong>\u00a0legado art\u00edstico y cultural<\/strong>\u00a0pues actualmente cuenta con\u00a0<strong>18 salas de exposici\u00f3n permanente y dos salas de apreciaci\u00f3n de colecciones titiriteras<\/strong>. \u00a0<\/span><\/p>\n<p><span lang=\"ES-MX\">\u201cSegundo Tercio, Radio Taurina\u201d informa desde la Plaza d Toros \u201cLa Taurina\u201d\u2026 Huamantla ha refrendado una vez m\u00e1s, porque su tradicional \u201cCorrida de las Luces\u201d es Patrimonio Cultural e Inmaterial\u201d, ese misticismo que se vive durante la representaci\u00f3n de nuestra \u201cNoche que Nadie Duerme\u201d en verdad que es intangible el valor, el sentimiento que provoca esa procesi\u00f3n, con la imagen de nuestra Sant\u00edsima Virgen de La Caridad, que esta vez, fue la primera ocasi\u00f3n, que esta imagen donada por Sergio Flores Rivera, hizo su recorrido, pero que adem\u00e1s\u00a0\u00a0le ha colocado en un nicho especial, donde permanecer\u00e1 en el \u201cMuseo Taurino de Huamantla\u201d, Felicidades Huamantla; por cierto que fue develado un precioso mural que conmemora los \u201cCien A\u00f1os de la Plaza de Toros \u201cLa Taurina\u201d, lo que acrecenta el acervo cultural de este Museo fundado en 1982. Durante el evento, el \u201cPreg\u00f3n Taurino\u201d estuvo a cargo del cronista taurino y deportivo Heriberto Murrieta, adem\u00e1s de autoridades del estado. \u00a0<\/span><\/p>\n<p class=\"yiv5106783110MsoNormal\"><span lang=\"ES-MX\">Pero vamos al reporte de lo que ocurri\u00f3 la noche del 14 de agosto en \u201cLa Taurina\u201d de Huamantla,\u00a0<\/span><\/p>\n<p class=\"yiv5106783110MsoNormal\">\u00abCorrida de las Luces\u00bb, con lleno del aforo permitido; seis Toros de Bego\u00f1a bien presentados de juego desigual destacando 2o, 5o y 6o aplaudidos en el arrastre.<\/p>\n<p class=\"yiv5106783110MsoNormal\">Para: Ernesto Javier \u00abCalita\u00bb, que a pesar de buenas faenas, no estuvo la suerte de su lado y tuvo silencio en su lote; vendr\u00eda Leo Valadez, despu\u00e9s de sendas faenas en los toros de su lote, al primero le cort\u00f3 una oreja , mientras que al segundo le cort\u00f3 dos orejas; el torero de la tierra, nuestro paisano Jos\u00e9 Mar\u00eda Mac\u00edas, en el primero de su lote silencio tras dos aviso, en el segundo vuelta al ruedo; Antes del pase\u00edllo se realiz\u00f3 la procesi\u00f3n de la Virgen de la Caridad en el ruedo iluminada por velas.<\/p>\n<p class=\"yiv5106783110MsoNormal\">En esta corrida Leo Valadez fue declarado triunfador recibiendo un capote de paseo por parte de la empresa y ser\u00e1 quien complete el cartel de pr\u00f3ximo s\u00e1bado 21 en el cerrojazo de Feria corrida de \u201cHuamantlada\u201d sin \u201cHuamantlada\u201d, Al final sali\u00f3 a hombros de la plaza.<\/p>\n<p class=\"yiv5106783110MsoNormal\">Tambi\u00e9n hubo corrida cerrojazo de Feria en Teziutlan Puebla en donde Joselito Adame y Leo Valadez, salieron a hombros por la puerta grandes, triunfadores del festejo; en Tlaxcala capital mano a mano celebrando sus cincuenta a\u00f1os de alternativa los matadores Ra\u00fal Ponce de Le\u00f3n y Miguel Villanueva.\u00a0<span lang=\"ES-MX\">\u00a0siendo indultado el \u00faltimo de nombre Artista con 390 hg lidiado por el matador Ra\u00fal Ponce de Le\u00f3n.<\/span><\/p>\n<p class=\"yiv5106783110td-post-sub-title\">All\u00e1 en la capital el estimado el Presb\u00edtero Ranulfo Rojas Bret\u00f3n, aficionado a la Fiesta brava, present\u00f3 su nuevo libro bajo.<\/p>\n<p class=\"yiv5106783110td-post-sub-title\">Con la presencia Luis Mariano \u00c1ndalo y Carlos Bret\u00f3n Jim\u00e9nez se realiz\u00f3 la presentaci\u00f3n del libro que narra la fiesta de los toros como identidad tlaxcalteca.<\/p>\n<p><span lang=\"ES-MX\">Ranulfo Rojas Bret\u00f3n, Presb\u00edtero y recientemente nombrado p\u00e1rroco de Nuestra Se\u00f1ora de Santa Ana, quien relata en su obra un\u00a0<strong>ensayo filos\u00f3fico sobre la cultura que tiene nuestra identidad como tlaxcaltecas con la fiesta brava.<\/strong>\u00a0\u00a0<\/span><\/p>\n<p><span lang=\"ES-MX\">Aunado a lo anterior y en un di\u00e1logo amplio ante la presencia de matadores, escritores y\u00a0aficionados, el Instituto Tlaxcalteca de la Cultura realiz\u00f3 la presentaci\u00f3n de este libro el cual da cuenta la relaci\u00f3n entre la crianza del toro bravo,\u00a0<strong>su lucha en el ruedo al momento de la<\/strong>\u00a0Lidia y la vida cotidiana no solo de quienes est\u00e1n involucrados en la fiesta brava sino de la sociedad en general. Felicidades al Padre Ranulfo Rojas, por esta aportaci\u00f3n culturalal mundo de la tauromaquia. \u00a0<\/span><\/p>\n<p class=\"yiv5106783110MsoNormal\">La Gobernadora electa de Tlaxcala Lorena Cuellar Cisneros, estuvo presente en el evento de develaci\u00f3n de la plaza alusiva a la declaraci\u00f3n de Patrimonio Mundial, al Conjunto Conventual Franciscano y Catedralicio de Nuestra Se\u00f1ora de la Asunci\u00f3n.<\/p>\n<p class=\"yiv5106783110MsoNormal\">En el evento estuvo presente el Gobernador Marco Mena y la Secretaria de Cultura Federal, Alejandra Frausto Guerrero, develaron dos placas alusivas a la inclusi\u00f3n del Conjunto Franciscano y Catedralicio de Nuestra Se\u00f1ora de la Asunci\u00f3n a la lista de Patrimonio Mundial de los \u201cPrimeros monasterios del siglo XVI en las laderas del Popocat\u00e9petl\u201d de la Organizaci\u00f3n de las Naciones Unidas para la Educaci\u00f3n, la Ciencia y la Cultura (Unesco).<\/p>\n<p class=\"yiv5106783110MsoNormal\">En la explanada del Conjunto Franciscano y Catedralicio de Nuestra Se\u00f1ora de la Asunci\u00f3n, el Gobernador Mena y la Secretaria Alejandra Frausto, acompa\u00f1ados por Lorena Cu\u00e9llar Cisneros, Gobernadora Electa de Tlaxcala, autoridades de los tres \u00f3rdenes de gobierno y eclesi\u00e1sticas, realizaron la develaci\u00f3n de una placa sobre la incorporaci\u00f3n de este espacio a la lista de Patrimonio Mundial de la Unesco y otra que contiene los planos del conjunto.<\/p>\n<p class=\"yiv5106783110MsoNormal\">En su mensaje, el Gobernador Marco Mena resalt\u00f3 el hecho de que el Ex Convento de San Francisco -lugar que forma parte de la vida cotidiana y diaria de los tlaxcaltecas-, sea reconocido internacionalmente como patrimonio de la humanidad, lo que es un motivo de orgullo y un signo adicional de identidad en Tlaxcala.<\/p>\n<p class=\"yiv5106783110MsoNormal\">Alejandra Frausto Guerrero, Secretaria de Cultura, destac\u00f3 el trabajo conjunto de los tres niveles de gobierno para lograr la inclusi\u00f3n del Conjunto Franciscano y Catedralicio de Nuestra Se\u00f1ora de la Asunci\u00f3n a la lista de Patrimonio Mundial de los \u201cPrimeros monasterios del siglo XVI en las laderas del Popocat\u00e9petl, el cual es un homenaje a todas aquellas personas que han dedicado su vida a la defensa y preservaci\u00f3n del patrimonio.<\/p>\n<p class=\"yiv5106783110MsoNormal\">\u201cTlaxcala es ejemplo internacional de diversidad cultural y dedicaci\u00f3n para el cuidado de lo m\u00e1s apreciable que es nuestra memoria e identidad\u201d, puntualiz\u00f3.<\/p>\n<p class=\"yiv5106783110MsoNormal\">Como parte del evento, las autoridades realizaron un recorrido por las diferentes capillas del Ex Convento para constatar la colocaci\u00f3n de nuevas luminarias arquitect\u00f3nicas y el cambio de instalaciones el\u00e9ctricas de este complejo.<\/p>\n<p class=\"yiv5106783110MsoNormal\">Al evento asistieron Diego Prieto Hern\u00e1ndez, Director General del INAH; Julio C\u00e9sar Salcedo Aquino, Obispo de Tlaxcala; Mildred Vergara Zavala, Presidenta Municipal de Tlaxcala; Alejandro Alcaraz, Oficial Adjunto de Proyectos de la Unesco; Jorge Corichi Fragoso, Presidente Municipal Electo de Tlaxcala; Jos\u00e9 de la Rosa Herrera, Delegado del INAH en Tlaxcala; Luz de Lourdes Herbert de Pesquera, Directora de Patrimonio Mundial del INAH; Jos\u00e9 Antonio Aguilar, Coordinador del Expediente T\u00e9cnico del Conjunto Franciscano y Catedralicio de Nuestra Se\u00f1ora de la Asunci\u00f3n; as\u00ed como funcionarios estatales, federales y municipales.<\/p>\n<p>En el mes de diciembre, quedar\u00e1 listo para su inauguraci\u00f3n el nuevo Museo de la zona arqueol\u00f3gica de Xochitecatl, una enorme piedra fue colocada como s\u00edmbolo del inicio de la construcci\u00f3n del nuevo Museo de Sitio en el centro ceremonial de Xochit\u00e9catl, en Tlaxcala.<\/p>\n<p class=\"yiv5106783110MsoNormal\">El sitio est\u00e1 dedicado a la mujer, como ejemplo de fuerza, ya que tuvo a una gobernante femenina, en la \u00e9poca prehisp\u00e1nica, destac\u00f3 Alejandra Frausto, secretaria<\/p>\n<p class=\"yiv5106783110MsoNormal\">Los tres biombos sobre la Conquista que resguardan museos mexicanos Luego de que la secretaria de Cultura, junto con Jesusa Rodr\u00edguez, el gobernador de Tlaxcala, Marco Antonio Mena, y Diego Prieto, director del INAH, colocaran la primera piedra de lo que ser\u00e1 el Museo de sitio, Iriss Infante, coordinadora nacional de obras y proyectos en el INAH, detall\u00f3 que el Museo de Sitio de la Zona Arqueol\u00f3gica Xochit\u00e9catl albergar\u00e1 un espacio de 200 metros cuadrados de construcci\u00f3n.<\/p>\n<p class=\"yiv5106783110MsoNormal\">\u00abTendr\u00e1 dos salas, una de exposiciones temporales y otra para permanentes, as\u00ed como un espacio abierto para muestras itinerantes; adem\u00e1s tendr\u00e1 un auditorio en el cual se podr\u00e1 ampliar la actividad cultural del sitio.<\/p>\n<p class=\"yiv5106783110MsoNormal\">La intenci\u00f3n es que sea un eslab\u00f3n amable para la llegada del visitante, pero que adem\u00e1s acompa\u00f1\u00e9 las labores de investigaci\u00f3n, conserva y exploraci\u00f3n de la zona\u00bb.<\/p>\n<p class=\"yiv5106783110MsoNormal\">De igual forma, adelant\u00f3 que se rehabilitar\u00e1 la unidad de servicios que se ubica en la parte lateral, de forma que el museo tenga todas las instalaciones adecuadas para la pr\u00e1ctica muse\u00edstica, pero tambi\u00e9n para las labores de conservaci\u00f3n.<\/p>\n<p class=\"yiv5106783110MsoNormal\">\u00abEl proyecto ha sido el resultado de un trabajo colegiado entre arque\u00f3logos, investigadores, historiadores y los propios responsables de la zona arqueol\u00f3gica.<\/p>\n<p class=\"yiv5106783110MsoNormal\">El museo estar\u00e1 abierto a finales de este a\u00f1o; el trabajo ya inici\u00f3, llevamos una semana de trabajo y para diciembre estar\u00e1 totalmente concluido\u00bb.<\/p>\n<p class=\"yiv5106783110MsoNormal\">Diego Prieto, como director del INAH, record\u00f3 que la zona arqueol\u00f3gica est\u00e1 \u00abubicada en la formaci\u00f3n geol\u00f3gica llamada Bloque Xochit\u00e9catl-Nativitas-Nopalucan, esta fue una sociedad con ascendente cultural olmeca-xicallanca y heredera de antiguos asentamientos agr\u00edcolas del valle de Puebla-Tlaxcala.<\/p>\n<p class=\"yiv5106783110MsoNormal\">Escucha \u201cStereo Diez FM\u201d lo mejor de la \u00e9poca de oro, de la m\u00fasica rom\u00e1ntica desde Huamantla, para el Mundo, las 24 horas; all\u00e1 en \u201cTlaxcala capital escucha \u201cTlaxcala FM Stereo\u201d Recuerdos, las 24 horas. Seguimos creciendo, gracias por sintonizarnos en las emisoras de \u201cGrupo Begaalfe Comunicaciones\u201d.<\/p>\n<p><span lang=\"ES-MX\">Gentiles lectores, no lo olviden cu\u00eddense, \u201cEl bicho anda suelto\u201d en Tlaxcala hemos regresado a sem\u00e1foro naranja, y aunque parece no asustarnos la variante Delta de Covid \u2013 19, ya tiene registro en Tlaxcala, no le jueguen al valiente, aunque ya se hayan vacunado, usen cubrebocas, recuerden que salir a la calle, nos obliga a no tocar ojos, nariz y boca, hasta la llegada a nuestro hogar, inmediatamente lavar manos, desinfectarse todo, as\u00ed como plantillas de zapatos, esto por aquellos que tienen la mala educaci\u00f3n de escupir en la calle y donde sea\u2026 lamentablemente. Lo primero es la salud, Nos saludamos la siguiente semana, recuerden, si salen a calle usen siempre cubrebocas, careta, y realicen lavado constante de manos, gel antibacterial y liquido desinfectante, tos o estornudo de etiqueta, lamentablemente la tercera ola de Covid \u2013 19 lleg\u00f3, j\u00f3venes y ni\u00f1os deben cuidarse m\u00e1s, mucho m\u00e1s. Sobre todo, cuando a\u00fan no est\u00e1n vacunados, por cierto, que seguramente contar y portar con certificado de vacunaci\u00f3n Covid \u2013 19, ser\u00e1 obligatorio portarlo para poder ingresar a espacios p\u00fablicos, restaurante, cines, bares. Parques de diversiones etc. por el bien de todos es mejor y as\u00ed debe ser\u2026. Mas apuntes quedan en el tintero, pero el espacio nos dice que nos leemos aqu\u00ed en \u201cS\u00edntesis Digital Tlaxcala\u201d la pr\u00f3xima semana, por hoy \u2026 <b>\u00a1Hasta Moxtla!. \u00a0<\/b><\/span><\/p>\n","protected":false},"excerpt":{"rendered":"<p>Gabriel Flores Hern\u00e1ndez Cada a\u00f1o el 13 de agosto, es un d\u00eda especial para Huamantla, es el d\u00eda cuando la Virgen de La Caridad cambia de Vestido, Manto, Mantilla y accesorios que son donados por personas que han recibido alg\u00fan milagro de la Sant\u00edsima Virgen; este a\u00f1o no fue la excepci\u00f3n y a pesar de [&hellip;]<\/p>\n","protected":false},"author":19,"featured_media":0,"comment_status":"open","ping_status":"open","sticky":false,"template":"","format":"standard","meta":{"footnotes":""},"categories":[11],"tags":[1406,1405,30,153,154,5073,79],"yst_prominent_words":[28926,8301,28925,28918,8796,9324,9620,9606,9615,28919,8923,7536,26130],"class_list":["post-137964","post","type-post","status-publish","format-standard","hentry","category-vox","tag-gabriel-flores-hernandez","tag-mueganos-huamantlecos","tag-opinion","tag-tlaxcala","tag-tlaxesnoticia","tag-tlaxesnoticiaapp","tag-vox"],"_links":{"self":[{"href":"https:\/\/sintesis.com.mx\/tlaxcala\/wp-json\/wp\/v2\/posts\/137964"}],"collection":[{"href":"https:\/\/sintesis.com.mx\/tlaxcala\/wp-json\/wp\/v2\/posts"}],"about":[{"href":"https:\/\/sintesis.com.mx\/tlaxcala\/wp-json\/wp\/v2\/types\/post"}],"author":[{"embeddable":true,"href":"https:\/\/sintesis.com.mx\/tlaxcala\/wp-json\/wp\/v2\/users\/19"}],"replies":[{"embeddable":true,"href":"https:\/\/sintesis.com.mx\/tlaxcala\/wp-json\/wp\/v2\/comments?post=137964"}],"version-history":[{"count":0,"href":"https:\/\/sintesis.com.mx\/tlaxcala\/wp-json\/wp\/v2\/posts\/137964\/revisions"}],"wp:attachment":[{"href":"https:\/\/sintesis.com.mx\/tlaxcala\/wp-json\/wp\/v2\/media?parent=137964"}],"wp:term":[{"taxonomy":"category","embeddable":true,"href":"https:\/\/sintesis.com.mx\/tlaxcala\/wp-json\/wp\/v2\/categories?post=137964"},{"taxonomy":"post_tag","embeddable":true,"href":"https:\/\/sintesis.com.mx\/tlaxcala\/wp-json\/wp\/v2\/tags?post=137964"},{"taxonomy":"yst_prominent_words","embeddable":true,"href":"https:\/\/sintesis.com.mx\/tlaxcala\/wp-json\/wp\/v2\/yst_prominent_words?post=137964"}],"curies":[{"name":"wp","href":"https:\/\/api.w.org\/{rel}","templated":true}]}}