{"id":138124,"date":"2021-08-18T14:52:24","date_gmt":"2021-08-18T19:52:24","guid":{"rendered":"https:\/\/sintesis.com.mx\/tlaxcala\/?p=138124"},"modified":"2021-08-18T14:52:24","modified_gmt":"2021-08-18T19:52:24","slug":"uatx-jornada-capacitacion-docente","status":"publish","type":"post","link":"https:\/\/sintesis.com.mx\/tlaxcala\/2021\/08\/18\/uatx-jornada-capacitacion-docente\/","title":{"rendered":"Efectu\u00f3 UATx jornada de capacitaci\u00f3n y actualizaci\u00f3n docente"},"content":{"rendered":"<p class=\"yiv6501494667MsoNormal\"><span lang=\"ES\">Para continuar con el aprendizaje de nuevos contenidos que permitan enfrentar los retos que impone la educaci\u00f3n superior en el contexto de la contingencia sanitaria, la Universidad Aut\u00f3noma de Tlaxcala <strong><a href=\"https:\/\/sintesis.com.mx\/tlaxcala\/2021\/08\/16\/uatx-bienvenida-virtual-estudiantes-nuevo-ingreso\/\">(UATx),<\/a> <\/strong>a trav\u00e9s de las Secretar\u00edas Acad\u00e9mica y T\u00e9cnica, <strong>la Comisi\u00f3n del Modelo Humanista Integrador Basado en Competencias (MHIC),<\/strong> y el Sindicato de Trabajadores STUAT, llevaron cabo la jornada de capacitaci\u00f3n docente denominada: \u201cEl contexto universitario ante la normalidad\u201d, desarrollada del 2 al 13 del presente.<\/span><\/p>\n<p class=\"yiv6501494667MsoNormal\"><span lang=\"ES\">Al inicio de esta actividad, el Dr. Enrique V\u00e1zquez Fern\u00e1ndez, Secretario Acad\u00e9mico, en representaci\u00f3n del Dr. Luis Gonz\u00e1lez Placencia, Rector de la UATx, se\u00f1al\u00f3 que, a un a\u00f1o de <strong>enfrentar los retos que nos trajo esta pandemia,<\/strong> la instituci\u00f3n y sus catedr\u00e1ticos han demostrado el compromiso que tienen con la comunidad estudiantil, al asumir con profesionalismo y empat\u00eda los diversos escenarios que se han presentado para avanzar en su formaci\u00f3n.<\/span><\/p>\n<p class=\"yiv6501494667MsoNormal\"><span lang=\"ES\">Subray\u00f3 que, este panorama ha exigido a quienes imparten c\u00e1tedra, tener una apertura para el dominio de nuevas estrategias pedag\u00f3gicas, por ello, es de vital relevancia seguir contando con herramientas que <strong>permitan dar continuidad a la formaci\u00f3n de las y los alumnos en esta nueva normalidad.<\/strong><\/span><\/p>\n<p class=\"yiv6501494667MsoNormal\"><em><span lang=\"ES\">Como parte de esta jornada, el Dr. \u00c1ngel D\u00edaz Barriga, miembro del Sistema Nacional de Investigadores (SNI) Nivel III y Coordinador del Posgrado en Educaci\u00f3n de la UATx, disert\u00f3 sendas conferencias: \u201cRepensar la universidad. La did\u00e1ctica, una opci\u00f3n para ir m\u00e1s all\u00e1 de la inclusi\u00f3n de tecnolog\u00edas digitales\u201d y \u201cEvaluaci\u00f3n de los aprendizajes desde una propuesta de formaci\u00f3n h\u00edbrida\u201d.<\/span><\/em><\/p>\n<p class=\"yiv6501494667MsoNormal\"><span lang=\"ES\">Adem\u00e1s, se desarrollaron t\u00f3picos como: \u201cContexto universitario actual, los efectos de la emergencia sanitaria\u201d; \u201cC\u00f3digos de \u00e9tica y conducta universitaria\u201d; \u201cSalud mental y resiliencia para estudiantes y maestros en un ambiente de pandemia\u201d; \u201cPara una gu\u00eda pr\u00e1ctica de la ense\u00f1anza virtual mediada por plataformas\u201d; \u201cRecursos materiales y did\u00e1cticos apoyados en la tecnolog\u00eda\u201d; <strong>\u201cDid\u00e1cticos apoyados en la tecnolog\u00eda\u201d; \u201cSIGA\u201d; y \u201cDise\u00f1o de presentaciones interactivas para la video clase\u201d.<\/strong><\/span><\/p>\n<p class=\"yiv6501494667gmail-MsoNormalCxSpMiddle\">\n","protected":false},"excerpt":{"rendered":"<p>Para continuar con el aprendizaje de nuevos contenidos que permitan enfrentar los retos que impone la educaci\u00f3n superior en el contexto de la contingencia sanitaria, la Universidad Aut\u00f3noma de Tlaxcala (UATx), a trav\u00e9s de las Secretar\u00edas Acad\u00e9mica y T\u00e9cnica, la Comisi\u00f3n del Modelo Humanista Integrador Basado en Competencias (MHIC), y el Sindicato de Trabajadores STUAT, [&hellip;]<\/p>\n","protected":false},"author":3,"featured_media":0,"comment_status":"open","ping_status":"open","sticky":false,"template":"","format":"standard","meta":{"footnotes":""},"categories":[28540],"tags":[48799,25102,52649,352,153,5697,6519],"yst_prominent_words":[24073,27303,7686,24069,18564,7842,17722,22231,11390,22325,16454,14142,8905,42953],"class_list":["post-138124","post","type-post","status-publish","format-standard","hentry","category-esfera-universitaria","tag-actualizacion-docente","tag-contingencia-sanitaria","tag-jornada-de-capacitacion","tag-slide","tag-tlaxcala","tag-tlaxslideapp","tag-uatx"],"_links":{"self":[{"href":"https:\/\/sintesis.com.mx\/tlaxcala\/wp-json\/wp\/v2\/posts\/138124"}],"collection":[{"href":"https:\/\/sintesis.com.mx\/tlaxcala\/wp-json\/wp\/v2\/posts"}],"about":[{"href":"https:\/\/sintesis.com.mx\/tlaxcala\/wp-json\/wp\/v2\/types\/post"}],"author":[{"embeddable":true,"href":"https:\/\/sintesis.com.mx\/tlaxcala\/wp-json\/wp\/v2\/users\/3"}],"replies":[{"embeddable":true,"href":"https:\/\/sintesis.com.mx\/tlaxcala\/wp-json\/wp\/v2\/comments?post=138124"}],"version-history":[{"count":0,"href":"https:\/\/sintesis.com.mx\/tlaxcala\/wp-json\/wp\/v2\/posts\/138124\/revisions"}],"wp:attachment":[{"href":"https:\/\/sintesis.com.mx\/tlaxcala\/wp-json\/wp\/v2\/media?parent=138124"}],"wp:term":[{"taxonomy":"category","embeddable":true,"href":"https:\/\/sintesis.com.mx\/tlaxcala\/wp-json\/wp\/v2\/categories?post=138124"},{"taxonomy":"post_tag","embeddable":true,"href":"https:\/\/sintesis.com.mx\/tlaxcala\/wp-json\/wp\/v2\/tags?post=138124"},{"taxonomy":"yst_prominent_words","embeddable":true,"href":"https:\/\/sintesis.com.mx\/tlaxcala\/wp-json\/wp\/v2\/yst_prominent_words?post=138124"}],"curies":[{"name":"wp","href":"https:\/\/api.w.org\/{rel}","templated":true}]}}