{"id":138785,"date":"2021-08-25T13:02:19","date_gmt":"2021-08-25T18:02:19","guid":{"rendered":"https:\/\/sintesis.com.mx\/tlaxcala\/?p=138785"},"modified":"2021-08-25T13:02:19","modified_gmt":"2021-08-25T18:02:19","slug":"cedh-no-ha-recibid-quejas-por-regreso-a-clases","status":"publish","type":"post","link":"https:\/\/sintesis.com.mx\/tlaxcala\/2021\/08\/25\/cedh-no-ha-recibid-quejas-por-regreso-a-clases\/","title":{"rendered":"La CEDH no ha recibido quejas por regreso a clases"},"content":{"rendered":"<p>La presidenta de la Comisi\u00f3n Estatal de Derecho Humanos (CEDH) en Tlaxcala, Jakqueline Ord\u00f3\u00f1ez Brasdefer, refiri\u00f3 que a escasos d\u00edas de que inicie el ciclo escolar 2021-2022, no han recibido quejas por parte de padres de familia o personal docente.<\/p>\n<p><strong>Lo anterior en virtud de las complicaciones que se han generado<\/strong> en torno a la organizaci\u00f3n y preocupaci\u00f3n por posibles contagios de <strong><a href=\"https:\/\/coronavirus.gob.mx\/\">Covid-19<\/a><\/strong> entre la poblaci\u00f3n estudiantil.<\/p>\n<p>\u201cHasta el momento ning\u00fan padre de familia se ha acercado a presentar una queja en materia de regreso a clases, sin embargo, se ha socializado en redes sociales que en <strong>comunidades o escuelas los padres no est\u00e1n de acuerdo\u201d.<\/strong><\/p>\n<div style=\"width: 640px;\" class=\"wp-video\"><!--[if lt IE 9]><script>document.createElement('video');<\/script><![endif]-->\n<video class=\"wp-video-shortcode\" id=\"video-138785-1\" width=\"640\" height=\"352\" preload=\"metadata\" controls=\"controls\"><source type=\"video\/mp4\" src=\"https:\/\/sintesis.com.mx\/tlaxcala\/wp-content\/uploads\/2021\/08\/WhatsApp-Video-2021-08-25-at-12.11.57.mp4?_=1\" \/><a href=\"https:\/\/sintesis.com.mx\/tlaxcala\/wp-content\/uploads\/2021\/08\/WhatsApp-Video-2021-08-25-at-12.11.57.mp4\">https:\/\/sintesis.com.mx\/tlaxcala\/wp-content\/uploads\/2021\/08\/WhatsApp-Video-2021-08-25-at-12.11.57.mp4<\/a><\/video><\/div>\n<h3><\/h3>\n<h3>Asegur\u00f3 que la informaci\u00f3n vertida en redes sociales y en algunos medios de comunicaci\u00f3n locales, no representa una queja formal para la<strong> <a href=\"https:\/\/sintesis.com.mx\/tlaxcala\/2021\/08\/20\/cedh-foro-virtual-dialogos-derechos-humanos\/\">CEDH,<\/a> <\/strong>por lo que a la fecha no existe actuaci\u00f3n del \u00f3rgano garante respecto a este tema.<\/h3>\n<p>Asimismo, refiri\u00f3 que el retorno presencial a las aulas en este ciclo lectivo, en gran medida ha sido por decisi\u00f3n de los padres de familia, quienes han acatado las disposiciones de la Secretar\u00eda de Educaci\u00f3n P\u00fablica (SEP), <strong>que a nivel federal dio la indicaci\u00f3n de retomar actividades en los centros educativos.<\/strong><\/p>\n<p><strong>\u201cEsta decisi\u00f3n de regreso a clases es de los padres y el Estado<\/strong> debe garantizar el derecho a la educaci\u00f3n y como tal, debe ofrecer las alternativas para ejercer este derecho y los padres de familia tendr\u00e1n la determinaci\u00f3n si lo hacen presencial o de forma mixta como se propone\u201d.<\/p>\n<p>Jakqueline Ord\u00f3\u00f1ez no descart\u00f3 que a la CEDH pudieran llegar quejas respecto a este tema, sin embargo, estim\u00f3 que podr\u00eda ser una vez iniciado el ciclo escolar cuando se den <strong>casos donde padres de familia busque el respaldo de la Comisi\u00f3n.<\/strong><\/p>\n","protected":false},"excerpt":{"rendered":"<p>La presidenta de la Comisi\u00f3n Estatal de Derecho Humanos (CEDH) en Tlaxcala, Jakqueline Ord\u00f3\u00f1ez Brasdefer, refiri\u00f3 que a escasos d\u00edas de que inicie el ciclo escolar 2021-2022, no han recibido quejas por parte de padres de familia o personal docente. Lo anterior en virtud de las complicaciones que se han generado en torno a la [&hellip;]<\/p>\n","protected":false},"author":5,"featured_media":0,"comment_status":"open","ping_status":"open","sticky":false,"template":"","format":"standard","meta":{"footnotes":""},"categories":[150],"tags":[517,50001,21690,52001,1202,352,153,5697],"yst_prominent_words":[7805,7678,7673,7658,7803,7651,7688,8052,8609,8051,7676,12229,9337,11832,10860,8629,8476],"class_list":["post-138785","post","type-post","status-publish","format-standard","hentry","category-metropoli-tlaxcala","tag-cedh","tag-ciclo-escolar-2021-2022","tag-covid-19","tag-jakqueline-ordonez-brasdefer","tag-regreso-a-clases","tag-slide","tag-tlaxcala","tag-tlaxslideapp"],"_links":{"self":[{"href":"https:\/\/sintesis.com.mx\/tlaxcala\/wp-json\/wp\/v2\/posts\/138785"}],"collection":[{"href":"https:\/\/sintesis.com.mx\/tlaxcala\/wp-json\/wp\/v2\/posts"}],"about":[{"href":"https:\/\/sintesis.com.mx\/tlaxcala\/wp-json\/wp\/v2\/types\/post"}],"author":[{"embeddable":true,"href":"https:\/\/sintesis.com.mx\/tlaxcala\/wp-json\/wp\/v2\/users\/5"}],"replies":[{"embeddable":true,"href":"https:\/\/sintesis.com.mx\/tlaxcala\/wp-json\/wp\/v2\/comments?post=138785"}],"version-history":[{"count":0,"href":"https:\/\/sintesis.com.mx\/tlaxcala\/wp-json\/wp\/v2\/posts\/138785\/revisions"}],"wp:attachment":[{"href":"https:\/\/sintesis.com.mx\/tlaxcala\/wp-json\/wp\/v2\/media?parent=138785"}],"wp:term":[{"taxonomy":"category","embeddable":true,"href":"https:\/\/sintesis.com.mx\/tlaxcala\/wp-json\/wp\/v2\/categories?post=138785"},{"taxonomy":"post_tag","embeddable":true,"href":"https:\/\/sintesis.com.mx\/tlaxcala\/wp-json\/wp\/v2\/tags?post=138785"},{"taxonomy":"yst_prominent_words","embeddable":true,"href":"https:\/\/sintesis.com.mx\/tlaxcala\/wp-json\/wp\/v2\/yst_prominent_words?post=138785"}],"curies":[{"name":"wp","href":"https:\/\/api.w.org\/{rel}","templated":true}]}}