{"id":144381,"date":"2021-10-13T15:31:44","date_gmt":"2021-10-13T20:31:44","guid":{"rendered":"https:\/\/sintesis.com.mx\/tlaxcala\/?p=144381"},"modified":"2021-10-13T15:31:44","modified_gmt":"2021-10-13T20:31:44","slug":"dia-internacional-la-prevencion-desastres","status":"publish","type":"post","link":"https:\/\/sintesis.com.mx\/tlaxcala\/2021\/10\/13\/dia-internacional-la-prevencion-desastres\/","title":{"rendered":"D\u00eda Internacional de la Prevenci\u00f3n de Desastres"},"content":{"rendered":"<p>Esta conmemoraci\u00f3n tiene como objetivo crear conciencia entre la poblaci\u00f3n y los gobiernos para llevar acabo acciones que permitan minimizar las consecuencias derivadas de los desastres naturales as\u00ed como fortalecer la preparaci\u00f3n en zonas vulnerables a dichos fen\u00f3menos.<\/p>\n<p>Dicha conmemoraci\u00f3n fue proclamada en 1989 por la Asamblea General de las Naciones Unidas, en un principio se celebro los segundos mi\u00e9rcoles del mes de octubre pero en el 2009 la conmemoraci\u00f3n se traslado para cada 13 de octubre y adquiri\u00f3 la denominaci\u00f3n que tiene en la actualidad.<\/p>\n<p>Los cambios en este\u00a0 sentido se dieron gracias a la re concepci\u00f3n de lo que \u00a0es un desastre natural, pues ahora son interpretados como \u00abLos desastres no son naturales, sino que son el resultado de las omisiones y la falta de prevenci\u00f3n y planificaci\u00f3n ante los fen\u00f3menos de la naturaleza.\u00bb<\/p>\n<h1>De acuerdo con datos de la Asociaci\u00f3n Meteorol\u00f3gica Mundial, en el lapso que comprende de 1970 a 2019 en M\u00e9xico se presentaron 6,655 muertes en 202 desastres diferentes.<\/h1>\n<p>En esta misma plataforma se marca que los incidentes m\u00e1s comunes del pa\u00eds son las inundaciones y huracanes que tienen un mayor impacto a causa de los efectos de la mala planeaci\u00f3n urbana y el desgaste que causa a zonas naturales elementales.<\/p>\n<p>&nbsp;<\/p>\n<p><img loading=\"lazy\" decoding=\"async\" class=\"aligncenter size-medium wp-image-144382\" src=\"https:\/\/sintesis.com.mx\/tlaxcala\/wp-content\/uploads\/2021\/10\/periodico_Mesa-de-trabajo-1-8-300x300.png\" alt=\"\" width=\"300\" height=\"300\" \/><\/p>\n<p>&nbsp;<\/p>\n","protected":false},"excerpt":{"rendered":"<p>Esta conmemoraci\u00f3n tiene como objetivo crear conciencia entre la poblaci\u00f3n y los gobiernos para llevar acabo acciones que permitan minimizar las consecuencias derivadas de los desastres naturales as\u00ed como fortalecer la preparaci\u00f3n en zonas vulnerables a dichos fen\u00f3menos. Dicha conmemoraci\u00f3n fue proclamada en 1989 por la Asamblea General de las Naciones Unidas, en un principio [&hellip;]<\/p>\n","protected":false},"author":43,"featured_media":0,"comment_status":"open","ping_status":"open","sticky":false,"template":"","format":"standard","meta":{"footnotes":""},"categories":[5],"tags":[53698],"yst_prominent_words":[12458,11720,36695,7941,12754,11238,7944],"class_list":["post-144381","post","type-post","status-publish","format-standard","hentry","category-cultura","tag-dia-internacional-de-la-prevencion-de-desastres"],"_links":{"self":[{"href":"https:\/\/sintesis.com.mx\/tlaxcala\/wp-json\/wp\/v2\/posts\/144381"}],"collection":[{"href":"https:\/\/sintesis.com.mx\/tlaxcala\/wp-json\/wp\/v2\/posts"}],"about":[{"href":"https:\/\/sintesis.com.mx\/tlaxcala\/wp-json\/wp\/v2\/types\/post"}],"author":[{"embeddable":true,"href":"https:\/\/sintesis.com.mx\/tlaxcala\/wp-json\/wp\/v2\/users\/43"}],"replies":[{"embeddable":true,"href":"https:\/\/sintesis.com.mx\/tlaxcala\/wp-json\/wp\/v2\/comments?post=144381"}],"version-history":[{"count":0,"href":"https:\/\/sintesis.com.mx\/tlaxcala\/wp-json\/wp\/v2\/posts\/144381\/revisions"}],"wp:attachment":[{"href":"https:\/\/sintesis.com.mx\/tlaxcala\/wp-json\/wp\/v2\/media?parent=144381"}],"wp:term":[{"taxonomy":"category","embeddable":true,"href":"https:\/\/sintesis.com.mx\/tlaxcala\/wp-json\/wp\/v2\/categories?post=144381"},{"taxonomy":"post_tag","embeddable":true,"href":"https:\/\/sintesis.com.mx\/tlaxcala\/wp-json\/wp\/v2\/tags?post=144381"},{"taxonomy":"yst_prominent_words","embeddable":true,"href":"https:\/\/sintesis.com.mx\/tlaxcala\/wp-json\/wp\/v2\/yst_prominent_words?post=144381"}],"curies":[{"name":"wp","href":"https:\/\/api.w.org\/{rel}","templated":true}]}}