{"id":158146,"date":"2022-02-15T18:17:10","date_gmt":"2022-02-16T00:17:10","guid":{"rendered":"https:\/\/sintesis.com.mx\/tlaxcala\/?p=158146"},"modified":"2022-02-15T18:17:10","modified_gmt":"2022-02-16T00:17:10","slug":"cedh-constato-cumplimiento-de-recomendacion","status":"publish","type":"post","link":"https:\/\/sintesis.com.mx\/tlaxcala\/2022\/02\/15\/cedh-constato-cumplimiento-de-recomendacion\/","title":{"rendered":"CEDH constat\u00f3 cumplimiento de recomendaci\u00f3n por parte del ayuntamiento de Contla"},"content":{"rendered":"<p><img loading=\"lazy\" decoding=\"async\" class=\"size-medium wp-image-158147 alignright\" src=\"https:\/\/sintesis.com.mx\/tlaxcala\/wp-content\/uploads\/2022\/02\/cedh-contla-300x183.jpg\" alt=\"\" width=\"300\" height=\"183\" srcset=\"https:\/\/sintesis.com.mx\/tlaxcala\/wp-content\/uploads\/2022\/02\/cedh-contla-300x183.jpg 300w, https:\/\/sintesis.com.mx\/tlaxcala\/wp-content\/uploads\/2022\/02\/cedh-contla-1024x624.jpg 1024w, https:\/\/sintesis.com.mx\/tlaxcala\/wp-content\/uploads\/2022\/02\/cedh-contla-768x468.jpg 768w, https:\/\/sintesis.com.mx\/tlaxcala\/wp-content\/uploads\/2022\/02\/cedh-contla-696x424.jpg 696w, https:\/\/sintesis.com.mx\/tlaxcala\/wp-content\/uploads\/2022\/02\/cedh-contla-1068x651.jpg 1068w, https:\/\/sintesis.com.mx\/tlaxcala\/wp-content\/uploads\/2022\/02\/cedh-contla-689x420.jpg 689w, https:\/\/sintesis.com.mx\/tlaxcala\/wp-content\/uploads\/2022\/02\/cedh-contla.jpg 1280w\" sizes=\"(max-width: 300px) 100vw, 300px\" \/>Este d\u00eda <strong>el ayuntamiento de <a href=\"https:\/\/sintesis.com.mx\/tlaxcala\/2022\/02\/02\/problemas-abastecimiento-agua-potable-contla-juan-cuamatzi\/\">Contla de Juan Cuamatzi<\/a> dio cumplimiento a la recomendaci\u00f3n 05\/2019 emitida por la Comisi\u00f3n Estatal de Derechos Humanos (CEDH), misma que dicta dar cumplimiento a una disculpa p\u00fablica por violaci\u00f3n a los derechos humanos<\/strong> de un ciudadano por parte de la polic\u00eda municipal.<\/p>\n<p>Con lo anterior, <strong>el edil de Contla de Juan Cuamatzi, Edy Rold\u00e1n Xolocotzi, coment\u00f3 que<\/strong> tal y como lo se\u00f1ala la constituci\u00f3n pol\u00edtica de los Estados Unidos Mexicanos <strong>las autoridades en el \u00e1mbito de sus competencias tienen la obligaci\u00f3n de promover, respetar, proteger y garantizar los derechos humanos de conformidad por los principios de universalidad<\/strong>, en consecuencia el estado deber\u00e1 prevenir, investigar y reparar las violaciones a derechos humanos.<\/p>\n<p>Por lo que <strong>se dio procedencia a la disculpa p\u00fablica, misma que fue realizada frente a autoridades municipales<\/strong>, la presidenta de la CEDH, Jaqueline Ord\u00f3\u00f1ez Brasdefer, Miguel Nava Xochitiotzi, victima de derechos humanos, Agust\u00edn Flores Pe\u00f1a, consejero de la comisi\u00f3n y Jaime Mart\u00ednez S\u00e1nchez, qui\u00e9n dio cumplimiento a la recomendaci\u00f3n emitida por parte del ayuntamiento, cabe destacar que los hechos ocurridos suscitaron durante el a\u00f1o 2017.<\/p>\n<p>Debido a que los <strong>actos de investigaci\u00f3n del organismo aut\u00f3nomo, dieron como resultado que el ex funcionario de seguridad y sus elementos violentaron el derecho humano a la seguridad<\/strong> debido a que dichos servidores p\u00fablicos faltaron a los principios de legalidad, honradez, lealtad, imparcialidad y eficiencia en el desempe\u00f1o de sus funciones, empleos, cargos o comisiones al omitir la atenci\u00f3n al llamado de auxilio qu\u00e9 realiz\u00f3 el agraviado Miguel Nava Xochitiotzi.<\/p>\n<p>\u00abPor lo tanto reprobamos todo acto que no s\u00e9 adecue a la observancia de la ley, en \u00e9ste evento los actos de los anteriores funcionarios qu\u00e9 fueron materia de recomendaci\u00f3n por el \u00f3rgano garante de la CEDH, ratific\u00f3 que todo servidor p\u00fablico debe realizar sus labores bajo la honradez, honestidad, imparcialidad pero sobre todo un alto sentido de respeto a los derechos humanos\u00bb se\u00f1alaron.<\/p>\n","protected":false},"excerpt":{"rendered":"<p>Este d\u00eda el ayuntamiento de Contla de Juan Cuamatzi dio cumplimiento a la recomendaci\u00f3n 05\/2019 emitida por la Comisi\u00f3n Estatal de Derechos Humanos (CEDH), misma que dicta dar cumplimiento a una disculpa p\u00fablica por violaci\u00f3n a los derechos humanos de un ciudadano por parte de la polic\u00eda municipal. Con lo anterior, el edil de Contla [&hellip;]<\/p>\n","protected":false},"author":3,"featured_media":158147,"comment_status":"open","ping_status":"open","sticky":false,"template":"","format":"standard","meta":{"footnotes":""},"categories":[1807,9],"tags":[53292,6678,3838,153,154,18601,19446,55284],"yst_prominent_words":[7976,7805,11800,10533,10529,7989,7804,7801,9096,33577,7806,9851,10539,22109,11503,30162],"class_list":["post-158146","post","type-post","status-publish","format-standard","has-post-thumbnail","hentry","category-contla","category-municipios","tag-comision-estatal-de-derechos-humanos-cedh","tag-contla-de-juan-cuamatzi","tag-disculpa-publica","tag-tlaxcala","tag-tlaxesnoticia","tag-tlaxhoyesnoticia","tag-tlaxhoyesnoticiaapp","tag-violacion-a-los-derechos-humanos"],"_links":{"self":[{"href":"https:\/\/sintesis.com.mx\/tlaxcala\/wp-json\/wp\/v2\/posts\/158146"}],"collection":[{"href":"https:\/\/sintesis.com.mx\/tlaxcala\/wp-json\/wp\/v2\/posts"}],"about":[{"href":"https:\/\/sintesis.com.mx\/tlaxcala\/wp-json\/wp\/v2\/types\/post"}],"author":[{"embeddable":true,"href":"https:\/\/sintesis.com.mx\/tlaxcala\/wp-json\/wp\/v2\/users\/3"}],"replies":[{"embeddable":true,"href":"https:\/\/sintesis.com.mx\/tlaxcala\/wp-json\/wp\/v2\/comments?post=158146"}],"version-history":[{"count":0,"href":"https:\/\/sintesis.com.mx\/tlaxcala\/wp-json\/wp\/v2\/posts\/158146\/revisions"}],"wp:featuredmedia":[{"embeddable":true,"href":"https:\/\/sintesis.com.mx\/tlaxcala\/wp-json\/wp\/v2\/media\/158147"}],"wp:attachment":[{"href":"https:\/\/sintesis.com.mx\/tlaxcala\/wp-json\/wp\/v2\/media?parent=158146"}],"wp:term":[{"taxonomy":"category","embeddable":true,"href":"https:\/\/sintesis.com.mx\/tlaxcala\/wp-json\/wp\/v2\/categories?post=158146"},{"taxonomy":"post_tag","embeddable":true,"href":"https:\/\/sintesis.com.mx\/tlaxcala\/wp-json\/wp\/v2\/tags?post=158146"},{"taxonomy":"yst_prominent_words","embeddable":true,"href":"https:\/\/sintesis.com.mx\/tlaxcala\/wp-json\/wp\/v2\/yst_prominent_words?post=158146"}],"curies":[{"name":"wp","href":"https:\/\/api.w.org\/{rel}","templated":true}]}}