{"id":160176,"date":"2022-03-05T15:03:15","date_gmt":"2022-03-05T21:03:15","guid":{"rendered":"https:\/\/sintesis.com.mx\/tlaxcala\/?p=160176"},"modified":"2022-03-05T15:03:15","modified_gmt":"2022-03-05T21:03:15","slug":"ssc-operativo-escudo-institucional","status":"publish","type":"post","link":"https:\/\/sintesis.com.mx\/tlaxcala\/2022\/03\/05\/ssc-operativo-escudo-institucional\/","title":{"rendered":"Arranca en Cuapiaxtla operativo \u00abescudo institucional\u00bb en el estado"},"content":{"rendered":"<p>Con la participaci\u00f3n de las diferentes instituciones encargadas de la seguridad en el estado de Tlaxcala, dio inicio en el municipio de <strong>Cuapiaxtla<\/strong> el operativo \u00ab<strong>Escudo Institucional<\/strong>\u00bb para garantizar la seguridad de los tlaxcaltecas y visitantes.<\/p>\n<p>La <strong>Secretar\u00eda de Seguridad Ciudadana<\/strong> (SSC) realizar\u00e1 de manera permanente e intermitente en las entradas y salidas del territorio, actividades de prevenci\u00f3n y combate de delitos a trav\u00e9s del uso de tecnolog\u00eda y de estrategias preestablecidas para la detecci\u00f3n de veh\u00edculos con reporte de robo, as\u00ed como personas que infrinja la ley; acciones que se llevar\u00e1n a cabo en coordinaci\u00f3n interinstitucional.<\/p>\n<p><img loading=\"lazy\" decoding=\"async\" class=\"alignnone size-full wp-image-160178\" src=\"https:\/\/sintesis.com.mx\/tlaxcala\/wp-content\/uploads\/2022\/03\/Arranca-en-Cuapiaxtla-operativo-22escudo-institucional22-en-el-estado-2.jpeg\" alt=\"\" width=\"1097\" height=\"778\" srcset=\"https:\/\/sintesis.com.mx\/tlaxcala\/wp-content\/uploads\/2022\/03\/Arranca-en-Cuapiaxtla-operativo-22escudo-institucional22-en-el-estado-2.jpeg 1097w, https:\/\/sintesis.com.mx\/tlaxcala\/wp-content\/uploads\/2022\/03\/Arranca-en-Cuapiaxtla-operativo-22escudo-institucional22-en-el-estado-2-300x213.jpeg 300w, https:\/\/sintesis.com.mx\/tlaxcala\/wp-content\/uploads\/2022\/03\/Arranca-en-Cuapiaxtla-operativo-22escudo-institucional22-en-el-estado-2-1024x726.jpeg 1024w, https:\/\/sintesis.com.mx\/tlaxcala\/wp-content\/uploads\/2022\/03\/Arranca-en-Cuapiaxtla-operativo-22escudo-institucional22-en-el-estado-2-768x545.jpeg 768w, https:\/\/sintesis.com.mx\/tlaxcala\/wp-content\/uploads\/2022\/03\/Arranca-en-Cuapiaxtla-operativo-22escudo-institucional22-en-el-estado-2-100x70.jpeg 100w, https:\/\/sintesis.com.mx\/tlaxcala\/wp-content\/uploads\/2022\/03\/Arranca-en-Cuapiaxtla-operativo-22escudo-institucional22-en-el-estado-2-696x494.jpeg 696w, https:\/\/sintesis.com.mx\/tlaxcala\/wp-content\/uploads\/2022\/03\/Arranca-en-Cuapiaxtla-operativo-22escudo-institucional22-en-el-estado-2-1068x757.jpeg 1068w, https:\/\/sintesis.com.mx\/tlaxcala\/wp-content\/uploads\/2022\/03\/Arranca-en-Cuapiaxtla-operativo-22escudo-institucional22-en-el-estado-2-592x420.jpeg 592w\" sizes=\"(max-width: 1097px) 100vw, 1097px\" \/><\/p>\n<p>Mediante la actuaci\u00f3n coordinada con el estado e instituciones de seguridad, se busca alcanzar el objetivo de mejorar el entorno de la seguridad en beneficio de todos los ciudadanos mexicanos que transitan por las v\u00edas carreteras.<\/p>\n<p>Por otra parte, con motivo de las actividades del <strong>Carnaval<\/strong> que implementan los diferentes municipios de la entidad, se realizar\u00e1n recorridos de seguridad y vigilancia para garantizar que estas se lleven a cabo de manera ordenada.<\/p>\n<p>En el operativo \u201cEscudo Institucional\u201d participan la <strong>Secretar\u00eda de Seguridad Ciudadana<\/strong> (SSC) con sus diferentes direcciones, la <strong>Secretar\u00eda de la Defensa Nacional<\/strong> (Sedena), la <strong>Guardia Nacional<\/strong> (GN), la empresa <strong>Grupo Autopistas Nacionales<\/strong> (GANA) y el <strong>Instituto Nacional de Migraci\u00f3n<\/strong> (INM).<\/p>\n<p>La SSC invita a la poblaci\u00f3n a que, en caso de ser v\u00edctima de un delito o presenciar tales actos, realice de manera inmediata su denuncia al <strong>Servicio de Emergencias 911<\/strong> o al <strong>n\u00famero 089<\/strong> de denuncia an\u00f3nima.<\/p>\n","protected":false},"excerpt":{"rendered":"<p>Con la participaci\u00f3n de las diferentes instituciones de seguridad dio inicio en el municipio de Cuapiaxtla el operativo \u00abEscudo Institucional\u00bb<\/p>\n","protected":false},"author":3,"featured_media":160177,"comment_status":"open","ping_status":"open","sticky":false,"template":"","format":"standard","meta":{"footnotes":""},"categories":[150],"tags":[1293,55534,771,352,9539,153,157,5697],"yst_prominent_words":[7541,11492,44354,28792,9665,27202,7657,7685,7928,7981,8869,8856,34446,7846,8871,34447,8083],"class_list":["post-160176","post","type-post","status-publish","format-standard","has-post-thumbnail","hentry","category-metropoli-tlaxcala","tag-cuapiaxtla","tag-escudo-institucional","tag-operativo","tag-slide","tag-ssc-tlaxcala","tag-tlaxcala","tag-tlaxslide","tag-tlaxslideapp"],"_links":{"self":[{"href":"https:\/\/sintesis.com.mx\/tlaxcala\/wp-json\/wp\/v2\/posts\/160176"}],"collection":[{"href":"https:\/\/sintesis.com.mx\/tlaxcala\/wp-json\/wp\/v2\/posts"}],"about":[{"href":"https:\/\/sintesis.com.mx\/tlaxcala\/wp-json\/wp\/v2\/types\/post"}],"author":[{"embeddable":true,"href":"https:\/\/sintesis.com.mx\/tlaxcala\/wp-json\/wp\/v2\/users\/3"}],"replies":[{"embeddable":true,"href":"https:\/\/sintesis.com.mx\/tlaxcala\/wp-json\/wp\/v2\/comments?post=160176"}],"version-history":[{"count":0,"href":"https:\/\/sintesis.com.mx\/tlaxcala\/wp-json\/wp\/v2\/posts\/160176\/revisions"}],"wp:featuredmedia":[{"embeddable":true,"href":"https:\/\/sintesis.com.mx\/tlaxcala\/wp-json\/wp\/v2\/media\/160177"}],"wp:attachment":[{"href":"https:\/\/sintesis.com.mx\/tlaxcala\/wp-json\/wp\/v2\/media?parent=160176"}],"wp:term":[{"taxonomy":"category","embeddable":true,"href":"https:\/\/sintesis.com.mx\/tlaxcala\/wp-json\/wp\/v2\/categories?post=160176"},{"taxonomy":"post_tag","embeddable":true,"href":"https:\/\/sintesis.com.mx\/tlaxcala\/wp-json\/wp\/v2\/tags?post=160176"},{"taxonomy":"yst_prominent_words","embeddable":true,"href":"https:\/\/sintesis.com.mx\/tlaxcala\/wp-json\/wp\/v2\/yst_prominent_words?post=160176"}],"curies":[{"name":"wp","href":"https:\/\/api.w.org\/{rel}","templated":true}]}}