{"id":175388,"date":"2022-06-21T15:16:38","date_gmt":"2022-06-21T20:16:38","guid":{"rendered":"https:\/\/sintesis.com.mx\/tlaxcala\/?p=175388"},"modified":"2022-06-21T15:16:38","modified_gmt":"2022-06-21T20:16:38","slug":"designa-sepe-apoyo-figuras-educativas-finalizar-ciclo-escolar-jardin-ninos-tetla","status":"publish","type":"post","link":"https:\/\/sintesis.com.mx\/tlaxcala\/2022\/06\/21\/designa-sepe-apoyo-figuras-educativas-finalizar-ciclo-escolar-jardin-ninos-tetla\/","title":{"rendered":"Designa SEPE apoyo de figuras educativas para finalizar el ciclo escolar en jard\u00edn de ni\u00f1os de Tetla"},"content":{"rendered":"<p><img loading=\"lazy\" decoding=\"async\" class=\"size-medium wp-image-175389 alignleft\" src=\"https:\/\/sintesis.com.mx\/tlaxcala\/wp-content\/uploads\/2022\/06\/WhatsApp-Image-2022-06-21-at-2.53.52-PM-300x216.jpeg\" alt=\"\" width=\"300\" height=\"216\" srcset=\"https:\/\/sintesis.com.mx\/tlaxcala\/wp-content\/uploads\/2022\/06\/WhatsApp-Image-2022-06-21-at-2.53.52-PM-300x216.jpeg 300w, https:\/\/sintesis.com.mx\/tlaxcala\/wp-content\/uploads\/2022\/06\/WhatsApp-Image-2022-06-21-at-2.53.52-PM-768x553.jpeg 768w, https:\/\/sintesis.com.mx\/tlaxcala\/wp-content\/uploads\/2022\/06\/WhatsApp-Image-2022-06-21-at-2.53.52-PM-696x501.jpeg 696w, https:\/\/sintesis.com.mx\/tlaxcala\/wp-content\/uploads\/2022\/06\/WhatsApp-Image-2022-06-21-at-2.53.52-PM-583x420.jpeg 583w, https:\/\/sintesis.com.mx\/tlaxcala\/wp-content\/uploads\/2022\/06\/WhatsApp-Image-2022-06-21-at-2.53.52-PM.jpeg 800w\" sizes=\"(max-width: 300px) 100vw, 300px\" \/>Con el prop\u00f3sito de apoyar las necesidades de las escuelas, la Secretar\u00eda de Educaci\u00f3n P\u00fablica del Estado <strong>(SEPE)<\/strong> design\u00f3 a la ni\u00f1era Adriana Luna Cede\u00f1o para apoyar a las educadoras, a fin de que se d\u00e9 atenci\u00f3n a las ni\u00f1as y ni\u00f1os del segundo grado grupo \u201cA\u201d del Jard\u00edn de Ni\u00f1os<strong> \u201cSor Juana In\u00e9s de la Cruz\u201d<\/strong> de la comunidad de San Bartolom\u00e9 Matlalohcan del municipio Tetla de la Solidaridad.<\/p>\n<p>De esta manera, la dependencia dio respuesta y atenci\u00f3n a las inquietudes que presentaron madres y padres de familia, debido a que con este recurso humano ser\u00e1n atendidos 24 alumnas y alumnos. <strong>Cabe se\u00f1alar que en todo momento los escolares recibieron servicios educativos a fin de consolidar los primeros aprendizajes de su vida acad\u00e9mica.<\/strong><\/p>\n<p><strong>La ni\u00f1era se present\u00f3 a partir de este martes 21 de junio y hasta que finalice el ciclo escolar, como apoyo a las educadoras, por lo que los aprendizajes continuar\u00e1n de manera normal y presencial a fin de lograr las metas y objetivos planteados. <img loading=\"lazy\" decoding=\"async\" class=\"size-medium wp-image-175390 alignright\" src=\"https:\/\/sintesis.com.mx\/tlaxcala\/wp-content\/uploads\/2022\/06\/WhatsApp-Image-2022-06-21-at-2.53.52-PM-1-300x173.jpeg\" alt=\"\" width=\"300\" height=\"173\" srcset=\"https:\/\/sintesis.com.mx\/tlaxcala\/wp-content\/uploads\/2022\/06\/WhatsApp-Image-2022-06-21-at-2.53.52-PM-1-300x173.jpeg 300w, https:\/\/sintesis.com.mx\/tlaxcala\/wp-content\/uploads\/2022\/06\/WhatsApp-Image-2022-06-21-at-2.53.52-PM-1-768x444.jpeg 768w, https:\/\/sintesis.com.mx\/tlaxcala\/wp-content\/uploads\/2022\/06\/WhatsApp-Image-2022-06-21-at-2.53.52-PM-1-696x402.jpeg 696w, https:\/\/sintesis.com.mx\/tlaxcala\/wp-content\/uploads\/2022\/06\/WhatsApp-Image-2022-06-21-at-2.53.52-PM-1-727x420.jpeg 727w, https:\/\/sintesis.com.mx\/tlaxcala\/wp-content\/uploads\/2022\/06\/WhatsApp-Image-2022-06-21-at-2.53.52-PM-1.jpeg 997w\" sizes=\"(max-width: 300px) 100vw, 300px\" \/><\/strong><\/p>\n<p>Por otro lado, la Coordinaci\u00f3n de Educaci\u00f3n Art\u00edstica de la SEPE inform\u00f3 que contin\u00faa con el proceso de regularizaci\u00f3n y optimizaci\u00f3n de los recursos humanos, por lo que el maestro de educaci\u00f3n art\u00edstica, Manuel Flores Mu\u00f1oz fue designado donde tiene el mayor n\u00famero de horas y as\u00ed cubrir los espacios correspondientes. <strong>De esta forma, la dependencia contin\u00faa con el an\u00e1lisis del personal en espera de subsanar este faltante a partir del 1 de julio del presente a\u00f1o.<\/strong><\/p>\n","protected":false},"excerpt":{"rendered":"<p>Con el prop\u00f3sito de apoyar las necesidades de las escuelas, la Secretar\u00eda de Educaci\u00f3n P\u00fablica del Estado (SEPE) design\u00f3 a la ni\u00f1era Adriana Luna Cede\u00f1o para apoyar a las educadoras, a fin de que se d\u00e9 atenci\u00f3n a las ni\u00f1as y ni\u00f1os del segundo grado grupo \u201cA\u201d del Jard\u00edn de Ni\u00f1os \u201cSor Juana In\u00e9s de [&hellip;]<\/p>\n","protected":false},"author":3,"featured_media":175389,"comment_status":"open","ping_status":"open","sticky":false,"template":"","format":"standard","meta":{"footnotes":""},"categories":[9,636],"tags":[57362,18,352,3326,306,153,154,5073,157,5697,6096],"yst_prominent_words":[13923,24307,23045,8838,8110,7686,24286,8322,8500,8028,8220,14572],"class_list":["post-175388","post","type-post","status-publish","format-standard","has-post-thumbnail","hentry","category-municipios","category-tetla","tag-jardin-de-ninos-de-tetla","tag-municipios","tag-slide","tag-slideapp","tag-tetla","tag-tlaxcala","tag-tlaxesnoticia","tag-tlaxesnoticiaapp","tag-tlaxslide","tag-tlaxslideapp","tag-tlaxslider"],"_links":{"self":[{"href":"https:\/\/sintesis.com.mx\/tlaxcala\/wp-json\/wp\/v2\/posts\/175388"}],"collection":[{"href":"https:\/\/sintesis.com.mx\/tlaxcala\/wp-json\/wp\/v2\/posts"}],"about":[{"href":"https:\/\/sintesis.com.mx\/tlaxcala\/wp-json\/wp\/v2\/types\/post"}],"author":[{"embeddable":true,"href":"https:\/\/sintesis.com.mx\/tlaxcala\/wp-json\/wp\/v2\/users\/3"}],"replies":[{"embeddable":true,"href":"https:\/\/sintesis.com.mx\/tlaxcala\/wp-json\/wp\/v2\/comments?post=175388"}],"version-history":[{"count":0,"href":"https:\/\/sintesis.com.mx\/tlaxcala\/wp-json\/wp\/v2\/posts\/175388\/revisions"}],"wp:featuredmedia":[{"embeddable":true,"href":"https:\/\/sintesis.com.mx\/tlaxcala\/wp-json\/wp\/v2\/media\/175389"}],"wp:attachment":[{"href":"https:\/\/sintesis.com.mx\/tlaxcala\/wp-json\/wp\/v2\/media?parent=175388"}],"wp:term":[{"taxonomy":"category","embeddable":true,"href":"https:\/\/sintesis.com.mx\/tlaxcala\/wp-json\/wp\/v2\/categories?post=175388"},{"taxonomy":"post_tag","embeddable":true,"href":"https:\/\/sintesis.com.mx\/tlaxcala\/wp-json\/wp\/v2\/tags?post=175388"},{"taxonomy":"yst_prominent_words","embeddable":true,"href":"https:\/\/sintesis.com.mx\/tlaxcala\/wp-json\/wp\/v2\/yst_prominent_words?post=175388"}],"curies":[{"name":"wp","href":"https:\/\/api.w.org\/{rel}","templated":true}]}}