{"id":182455,"date":"2022-08-10T16:07:39","date_gmt":"2022-08-10T21:07:39","guid":{"rendered":"https:\/\/sintesis.com.mx\/tlaxcala\/?p=182455"},"modified":"2022-08-10T16:07:39","modified_gmt":"2022-08-10T21:07:39","slug":"firman-importante-convenio-medioambiental","status":"publish","type":"post","link":"https:\/\/sintesis.com.mx\/tlaxcala\/2022\/08\/10\/firman-importante-convenio-medioambiental\/","title":{"rendered":"Firman importante convenio medioambiental Fundaci\u00f3n Salvatierra y Gobierno del Estado"},"content":{"rendered":"<p><strong>A trav\u00e9s de la Secretar\u00eda del Medio Ambiente de Tlaxcala se firm\u00f3 el convenio de Colaboraci\u00f3n con la Fundaci\u00f3n Salvatierra<\/strong>.<\/p>\n<p>Este es el primer convenio que la dependencia estatal formaliza con una asociaci\u00f3n civil, en su participaci\u00f3n <strong>Luis Antonio Ram\u00edrez Titular de la SMA de Tlaxcala, reconoci\u00f3 el trabajo realizado por Fundaci\u00f3n Salvatierra<\/strong>, motivo por el cual se decidi\u00f3 fuera la primer Asociaci\u00f3n con quienes establecer un convenio.<\/p>\n<p>El convenio prev\u00e9 la participaci\u00f3n mutua en acciones en favor de medio ambiente, la colaboraci\u00f3n conjunta, as\u00ed como, el intercambio de conocimientos y m\u00e9todos entre otros compromisos. <strong>Al evento asistieron como testigos de honor Pedro Albornoz Director Local en Tlaxcala de la CONAGUA; Iv\u00f3n Marcela Chac\u00f3n Romo encargada de los SUTNOS del Parque Nacional la Malinche; Isaac Santiago Ju\u00e1rez titular de la Promotor\u00eda de Desarrollo Forestal en Tlaxcala; Arturo Zarate Flores encargado de despacho de la PROFEPA delegaci\u00f3n Tlaxcala; Iv\u00e1n Garc\u00eda Ju\u00e1rez Titular de la Procuradur\u00eda de Protecci\u00f3n al Medio Ambiente del Estado de Tlaxcala y Stephanie P\u00e9rez Bustamante coordinadora de Bienestar Animal<\/strong>.<\/p>\n<p>Tere Salvatierra Presidenta de Fundaci\u00f3n Salvatierra detall\u00f3 las acciones de la Fundaci\u00f3n en materia de Medio Ambiente, como uno de sus tres ejes rectores, comparti\u00f3 sus programas \u201cCenizas a Vida\u201d y \u201cConciencia en Acci\u00f3n\u201d a trav\u00e9s de los cuales se realizan importantes acciones destacando la reforestaci\u00f3n de la zona lim\u00edtrofe entre Tlaxcala y Puebla, que comprende la reforestaci\u00f3n de 1,500 hect\u00e1reas con 800,000 mil \u00e1rboles de pino pi\u00f1onero entre los municipios de Oriental, Libres, Tequexquitla, Altzayanca y Cuapiaxtla, y recientemente la llegada de 13 mil \u00e1rboles de fresno para la zona de Tetlatlahuca y sus comunidades, que tienen como objetivo la reforestaci\u00f3n y combate al mu\u00e9rdago.<\/p>\n<p><strong>Resalt\u00f3 la necesidad del compromiso y responsabilidad social en estas actividades<\/strong> \u201ces con la participaci\u00f3n de la sociedad que podemos tener \u00e9xito en nuestras acciones, debemos generar compromisos con ellos y junto con las dependencias trabajar de la mano\u201d detall\u00f3.<\/p>\n<p>Por \u00faltimo, <strong>con la firma de este convenio se invit\u00f3 a las diferentes dependencias gubernamentales presentes a establecer relaciones y acciones conjuntas con las asociaciones civiles<\/strong>, como es el caso de Fundaci\u00f3n Salvatierra.<\/p>\n","protected":false},"excerpt":{"rendered":"<p>A trav\u00e9s de la Secretar\u00eda del Medio Ambiente de Tlaxcala se firm\u00f3 el convenio de Colaboraci\u00f3n con la Fundaci\u00f3n Salvatierra. Este es el primer convenio que la dependencia estatal formaliza con una asociaci\u00f3n civil, en su participaci\u00f3n Luis Antonio Ram\u00edrez Titular de la SMA de Tlaxcala, reconoci\u00f3 el trabajo realizado por Fundaci\u00f3n Salvatierra, motivo por [&hellip;]<\/p>\n","protected":false},"author":3,"featured_media":182456,"comment_status":"open","ping_status":"open","sticky":false,"template":"","format":"standard","meta":{"footnotes":""},"categories":[150],"tags":[482,57886,305,153,154,18601,19446],"yst_prominent_words":[7930,13287,7777,12312,29855,8130,16066,11794,8762,8264,13118,10686,11722,27720,9602,7536,8044],"class_list":["post-182455","post","type-post","status-publish","format-standard","has-post-thumbnail","hentry","category-metropoli-tlaxcala","tag-convenio","tag-fundacion-salvatierra","tag-medio-ambiente","tag-tlaxcala","tag-tlaxesnoticia","tag-tlaxhoyesnoticia","tag-tlaxhoyesnoticiaapp"],"_links":{"self":[{"href":"https:\/\/sintesis.com.mx\/tlaxcala\/wp-json\/wp\/v2\/posts\/182455"}],"collection":[{"href":"https:\/\/sintesis.com.mx\/tlaxcala\/wp-json\/wp\/v2\/posts"}],"about":[{"href":"https:\/\/sintesis.com.mx\/tlaxcala\/wp-json\/wp\/v2\/types\/post"}],"author":[{"embeddable":true,"href":"https:\/\/sintesis.com.mx\/tlaxcala\/wp-json\/wp\/v2\/users\/3"}],"replies":[{"embeddable":true,"href":"https:\/\/sintesis.com.mx\/tlaxcala\/wp-json\/wp\/v2\/comments?post=182455"}],"version-history":[{"count":0,"href":"https:\/\/sintesis.com.mx\/tlaxcala\/wp-json\/wp\/v2\/posts\/182455\/revisions"}],"wp:featuredmedia":[{"embeddable":true,"href":"https:\/\/sintesis.com.mx\/tlaxcala\/wp-json\/wp\/v2\/media\/182456"}],"wp:attachment":[{"href":"https:\/\/sintesis.com.mx\/tlaxcala\/wp-json\/wp\/v2\/media?parent=182455"}],"wp:term":[{"taxonomy":"category","embeddable":true,"href":"https:\/\/sintesis.com.mx\/tlaxcala\/wp-json\/wp\/v2\/categories?post=182455"},{"taxonomy":"post_tag","embeddable":true,"href":"https:\/\/sintesis.com.mx\/tlaxcala\/wp-json\/wp\/v2\/tags?post=182455"},{"taxonomy":"yst_prominent_words","embeddable":true,"href":"https:\/\/sintesis.com.mx\/tlaxcala\/wp-json\/wp\/v2\/yst_prominent_words?post=182455"}],"curies":[{"name":"wp","href":"https:\/\/api.w.org\/{rel}","templated":true}]}}