{"id":194260,"date":"2022-11-10T10:17:40","date_gmt":"2022-11-10T16:17:40","guid":{"rendered":"https:\/\/sintesis.com.mx\/tlaxcala\/?p=194260"},"modified":"2022-11-10T10:38:45","modified_gmt":"2022-11-10T16:38:45","slug":"diana-torrejon-capacitaciones","status":"publish","type":"post","link":"https:\/\/sintesis.com.mx\/tlaxcala\/2022\/11\/10\/diana-torrejon-capacitaciones\/","title":{"rendered":"Promueve Diana Torrej\u00f3n capacitaciones de lenguaje incluyente"},"content":{"rendered":"\r\n<p>La presidenta de la Comisi\u00f3n de Derechos Humanos, Grupos Vulnerables y Derechos de las Ni\u00f1as, Ni\u00f1os y Adolescentes del Congreso del estado, Diana Torrej\u00f3n Rodr\u00edguez, promueve la capacitaci\u00f3n a servidores y empleados p\u00fablicos de este Poder Legislativo constante en materia de inclusi\u00f3n.<\/p>\r\n\r\n\r\n\r\n<p><strong>En esta ocasi\u00f3n se impartieron dos talleres dirigidos a diputados, secretarios t\u00e9cnicos, personal administrativo y operativo en general, en materia de lenguaje incluyente con perspectiva de discapacidad, a fin de que sea el Palacio Legislativo uno de los espacios fundamentales en garantizar el acceso e inclusi\u00f3n a los grupos hist\u00f3ricamente vulnerados.<\/strong><\/p>\r\n\r\n\r\n\r\n<p>En estos espacios se explic\u00f3 el uso correcto del lenguaje para dirigirse a las personas con discapacidad, sin caer y repetir estereotipos, palabras discriminatorias o que puedan perjudicar la dignidad humana de este grupo, tambi\u00e9n se dio a conocer los distintos tipos de discapacidad y algunas formas en que se debe impulsar la inclusi\u00f3n sustantiva, esta ponencia estuvo a cargo de la maestra Mar\u00eda Elena Teloxa D\u00edaz.<\/p>\r\n\r\n\r\n\r\n<p>Tambi\u00e9n se capacit\u00f3 respecto a la <strong>\u201cPerspectiva de discapacidad\u201d,<\/strong> con la presentaci\u00f3n de algunas herramientas y acciones que deben ejecutarse para considerar la inclusi\u00f3n relativa en accesibilidad a los espacios p\u00fablicos de las personas con discapacidad. Igualmente, se evidenci\u00f3 las faltas y ausencias a las que se enfrenta este grupo vulnerado y los factores de acci\u00f3n para las y los servidores p\u00fablicos, conferencia impartida por la Maestra Gabriela Hern\u00e1ndez Islas.<\/p>\r\n\r\n\r\n\r\n<p><strong>Para concluir con esta capacitaci\u00f3n, se mostr\u00f3 la importancia de una comunicaci\u00f3n incluyente, que en un primer momento sirva para visibilizar a los grupos hist\u00f3ricamente vulnerados, y en otro, para que se establezcan los mecanismos en lo que se haga llegar de manera correcta la informaci\u00f3n a las personas con discapacidad, capacitaci\u00f3n impartida por el comunicador Aldo Castillo.<\/strong><\/p>\r\n\r\n\r\n\r\n<p>De esta manera, la congresista Diana Torrej\u00f3n Rodr\u00edguez busca establecer los mecanismos necesarios, que permitan garantizar la correcta atenci\u00f3n e inclusi\u00f3n de las personas con discapacidad, a partir de la capacitaci\u00f3n constante del personal del Congreso del Estado.<\/p>\r\n","protected":false},"excerpt":{"rendered":"<p>La presidenta de la Comisi\u00f3n de Derechos Humanos, Grupos Vulnerables y Derechos de las Ni\u00f1as, Ni\u00f1os y Adolescentes del Congreso del estado, Diana Torrej\u00f3n Rodr\u00edguez, promueve la capacitaci\u00f3n a servidores y empleados p\u00fablicos de este Poder Legislativo constante en materia de inclusi\u00f3n. En esta ocasi\u00f3n se impartieron dos talleres dirigidos a diputados, secretarios t\u00e9cnicos, personal [&hellip;]<\/p>\n","protected":false},"author":5,"featured_media":194259,"comment_status":"open","ping_status":"open","sticky":false,"template":"","format":"standard","meta":{"footnotes":""},"categories":[150],"tags":[5081,50794,59012,352,3326,153,154,157,5697,6096],"yst_prominent_words":[8108,7702,7804,47554,11119,8492,9345,15004,7813,9992,9477,11702],"class_list":["post-194260","post","type-post","status-publish","format-standard","has-post-thumbnail","hentry","category-metropoli-tlaxcala","tag-capacitaciones","tag-diana-torrejon","tag-lenguaje-incluyente","tag-slide","tag-slideapp","tag-tlaxcala","tag-tlaxesnoticia","tag-tlaxslide","tag-tlaxslideapp","tag-tlaxslider"],"_links":{"self":[{"href":"https:\/\/sintesis.com.mx\/tlaxcala\/wp-json\/wp\/v2\/posts\/194260"}],"collection":[{"href":"https:\/\/sintesis.com.mx\/tlaxcala\/wp-json\/wp\/v2\/posts"}],"about":[{"href":"https:\/\/sintesis.com.mx\/tlaxcala\/wp-json\/wp\/v2\/types\/post"}],"author":[{"embeddable":true,"href":"https:\/\/sintesis.com.mx\/tlaxcala\/wp-json\/wp\/v2\/users\/5"}],"replies":[{"embeddable":true,"href":"https:\/\/sintesis.com.mx\/tlaxcala\/wp-json\/wp\/v2\/comments?post=194260"}],"version-history":[{"count":0,"href":"https:\/\/sintesis.com.mx\/tlaxcala\/wp-json\/wp\/v2\/posts\/194260\/revisions"}],"wp:featuredmedia":[{"embeddable":true,"href":"https:\/\/sintesis.com.mx\/tlaxcala\/wp-json\/wp\/v2\/media\/194259"}],"wp:attachment":[{"href":"https:\/\/sintesis.com.mx\/tlaxcala\/wp-json\/wp\/v2\/media?parent=194260"}],"wp:term":[{"taxonomy":"category","embeddable":true,"href":"https:\/\/sintesis.com.mx\/tlaxcala\/wp-json\/wp\/v2\/categories?post=194260"},{"taxonomy":"post_tag","embeddable":true,"href":"https:\/\/sintesis.com.mx\/tlaxcala\/wp-json\/wp\/v2\/tags?post=194260"},{"taxonomy":"yst_prominent_words","embeddable":true,"href":"https:\/\/sintesis.com.mx\/tlaxcala\/wp-json\/wp\/v2\/yst_prominent_words?post=194260"}],"curies":[{"name":"wp","href":"https:\/\/api.w.org\/{rel}","templated":true}]}}