{"id":224543,"date":"2023-06-24T09:56:55","date_gmt":"2023-06-24T15:56:55","guid":{"rendered":"https:\/\/sintesis.com.mx\/tlaxcala\/?p=224543"},"modified":"2023-06-24T09:56:55","modified_gmt":"2023-06-24T15:56:55","slug":"rumbo-parlamento-juvenil","status":"publish","type":"post","link":"https:\/\/sintesis.com.mx\/tlaxcala\/2023\/06\/24\/rumbo-parlamento-juvenil\/","title":{"rendered":"Se desarrolla tercera convenci\u00f3n distrital rumbo al XII Parlamento Juvenil"},"content":{"rendered":"<p style=\"font-weight: 400;\">Se realiz\u00f3 la tercera convenci\u00f3n distrital rumbo al <strong>XII Parlamento Juvenil \u201cVoz del Empoderamiento y S\u00edmbolo de Fortaleza\u201d 2023<\/strong>, en donde destacaron propuestas en materia de menstruaci\u00f3n digna, inclusi\u00f3n de las personas con discapacidad, pertenecientes de la Comunidad LGBT+, la autodeterminaci\u00f3n de los pueblos originarios, acoso escolar, ecocidios, el laboratorio de innovaci\u00f3n municipal y cuidado medio ambiental.<\/p>\n<p style=\"font-weight: 400;\">En el Sal\u00f3n Rojo del Recinto legislativo, las diputadas Leticia Mart\u00ednez Cer\u00f3n, Lupita Cuamatzi Aguayo y Diana torrej\u00f3n Rodr\u00edguez, presidenta y vocales de las Comisi\u00f3n de Juventud y Deporte, respectivamente, en compa\u00f1\u00eda de Lucero Morales Tzompa,\u00a0\u00a0la titular del Instituto Tlaxcalteca de la Juventud (ITJ) y de Ana Karen Rojas Cuahutle, representante del Instituto Tlaxcalteca de Elecciones (ITE), fueron las encargadas de evaluar cada una de las iniciativas expuestas de viva voz por las y los participantes.<\/p>\n<p style=\"font-weight: 400;\">Durante su intervenci\u00f3n la presidenta de la Comisi\u00f3n de Juventud y Deporte, Leticia Mart\u00ednez Cer\u00f3n, celebr\u00f3 la amplia participaci\u00f3n de los j\u00f3venes tlaxcaltecas y recalc\u00f3 su compromiso para seguir generando m\u00e1s espacios de expresi\u00f3n, \u201cen este Congreso del Estado y en esta comisi\u00f3n, estamos haciendo que los j\u00f3venes tengan <strong>cada vez m\u00e1s realce<\/strong>, que <strong>se escuche m\u00e1s su voz<\/strong>, pero tambi\u00e9n necesitamos que ustedes sean portavoces para que los dem\u00e1s j\u00f3venes tambi\u00e9n participen\u201d, recalc\u00f3.<\/p>\n<p style=\"font-weight: 400;\">Por su parte la diputada Lupita Cuamatzi Aguayo, vocal de la comisi\u00f3n y encargada de la regi\u00f3n centro, se dijo sentirse muy orgullosa de ser una de las diputadas m\u00e1s j\u00f3venes de esta legislatura y ser una digna representante de este sector etario, al igual que felicit\u00f3 la participaci\u00f3n amplia que se tuvo, \u201cver que nuestros j\u00f3venes est\u00e1n interesados en la pol\u00edtica, saber que como j\u00f3venes vemos cu\u00e1les son las necesidades y problem\u00e1ticas a las que nos enfrentamos d\u00eda a d\u00eda, poder trabajar y hacer este relevo general en nuestro estado, me da la seguridad de que <strong>el futuro nuestro estado estar\u00e1 en buenas manos<\/strong>\u201d puntualiz\u00f3.<\/p>\n<p style=\"font-weight: 400;\">De esta manera, se escucharon las propuestas presentadas por los participantes de los distritos V, VII, VIII y IX, Yarely Calva Moreno, Carlos Ignacio S\u00e1nchez Popocatl, Mar\u00eda Guadalupe Pozos Ortiz, Manuel Enrique Contreras Bello, Ximena Melgarejo Santiago, Eduardo Emilio Mart\u00ednez Gonz\u00e1lez, Nayeli Esthefani Cevedo Jofre, Ander Al\u00e1n Espinoza Garc\u00eda, Alexandra Flores Ju\u00e1rez, Guadalupe Jesica V\u00e1zquez Najera, Juan Manuel Mu\u00f1oz P\u00e9rez, Xitlaly Xahuentitla Montes, Arlet Victoria Zecua Flores, Anah\u00ed George Morales, Brenda Hern\u00e1ndez God\u00ednez, C\u00e9sar M\u00e9ndez Matlalcuatzi y Karla Karol Casco Ordo\u00f1ez.<\/p>\n","protected":false},"excerpt":{"rendered":"<p>Se realiz\u00f3 la tercera convenci\u00f3n distrital rumbo al XII Parlamento Juvenil \u201cVoz del Empoderamiento y S\u00edmbolo de Fortaleza\u201d 2023, en donde destacaron propuestas en materia de menstruaci\u00f3n digna, inclusi\u00f3n de las personas con discapacidad, pertenecientes de la Comunidad LGBT+, la autodeterminaci\u00f3n de los pueblos originarios, acoso escolar, ecocidios, el laboratorio de innovaci\u00f3n municipal y cuidado [&hellip;]<\/p>\n","protected":false},"author":5,"featured_media":224544,"comment_status":"open","ping_status":"open","sticky":false,"template":"","format":"standard","meta":{"footnotes":""},"categories":[52854,52905,1,150],"tags":[352,154,5073,5697],"yst_prominent_words":[19444,7803,30089,30082,19443,22088,8805,7775,9104,30090,19380,7992,14834,24212],"class_list":["post-224543","post","type-post","status-publish","format-standard","has-post-thumbnail","hentry","category-educacion","category-juventud","category-sin-categoria","category-metropoli-tlaxcala","tag-slide","tag-tlaxesnoticia","tag-tlaxesnoticiaapp","tag-tlaxslideapp"],"_links":{"self":[{"href":"https:\/\/sintesis.com.mx\/tlaxcala\/wp-json\/wp\/v2\/posts\/224543"}],"collection":[{"href":"https:\/\/sintesis.com.mx\/tlaxcala\/wp-json\/wp\/v2\/posts"}],"about":[{"href":"https:\/\/sintesis.com.mx\/tlaxcala\/wp-json\/wp\/v2\/types\/post"}],"author":[{"embeddable":true,"href":"https:\/\/sintesis.com.mx\/tlaxcala\/wp-json\/wp\/v2\/users\/5"}],"replies":[{"embeddable":true,"href":"https:\/\/sintesis.com.mx\/tlaxcala\/wp-json\/wp\/v2\/comments?post=224543"}],"version-history":[{"count":0,"href":"https:\/\/sintesis.com.mx\/tlaxcala\/wp-json\/wp\/v2\/posts\/224543\/revisions"}],"wp:featuredmedia":[{"embeddable":true,"href":"https:\/\/sintesis.com.mx\/tlaxcala\/wp-json\/wp\/v2\/media\/224544"}],"wp:attachment":[{"href":"https:\/\/sintesis.com.mx\/tlaxcala\/wp-json\/wp\/v2\/media?parent=224543"}],"wp:term":[{"taxonomy":"category","embeddable":true,"href":"https:\/\/sintesis.com.mx\/tlaxcala\/wp-json\/wp\/v2\/categories?post=224543"},{"taxonomy":"post_tag","embeddable":true,"href":"https:\/\/sintesis.com.mx\/tlaxcala\/wp-json\/wp\/v2\/tags?post=224543"},{"taxonomy":"yst_prominent_words","embeddable":true,"href":"https:\/\/sintesis.com.mx\/tlaxcala\/wp-json\/wp\/v2\/yst_prominent_words?post=224543"}],"curies":[{"name":"wp","href":"https:\/\/api.w.org\/{rel}","templated":true}]}}