{"id":232230,"date":"2023-08-26T11:34:35","date_gmt":"2023-08-26T17:34:35","guid":{"rendered":"https:\/\/sintesis.com.mx\/tlaxcala\/?p=232230"},"modified":"2023-08-26T11:34:35","modified_gmt":"2023-08-26T17:34:35","slug":"fiscalia-anticorrupcion-servidores","status":"publish","type":"post","link":"https:\/\/sintesis.com.mx\/tlaxcala\/2023\/08\/26\/fiscalia-anticorrupcion-servidores\/","title":{"rendered":"Capacita Fiscal\u00eda Anticorrupci\u00f3n a servidores p\u00fablicos del municipio de Teolocholco"},"content":{"rendered":"<p>La Fiscal\u00eda Especializada en Combate a la Corrupci\u00f3n (FECC) adscrita a la Procuradur\u00eda General de Justicia del Estado (PGJE) imparti\u00f3 la capacitaci\u00f3n denominada <strong>\u201cResponsabilidades de los Servidores P\u00fablicos\u201d<\/strong> a directores, regidores y personal administrativo del municipio de Teolocholco.<\/p>\n<p><strong>Durante el curso, los asistentes conocieron cu\u00e1les son las faltas administrativas graves y no graves; tipos de responsabilidades;<\/strong> las sanciones a las que pueden hacerse acreedores en caso de cometer alguna falta; principios que rigen el servicio p\u00fablico; as\u00ed como los delitos por hechos de corrupci\u00f3n que investiga la Fiscal\u00eda.<\/p>\n<p>Finalmente, personal de la FECC exhort\u00f3 a los servidores p\u00fablicos a desempe\u00f1ar sus funciones con eficiencia y eficacia, con el objetivo de fortalecer la transparencia y la rendici\u00f3n de cuentas, en beneficio de la poblaci\u00f3n tlaxcalteca.<\/p>\n<p>De esta manera, la Fiscal\u00eda Especializada en Combate a la Corrupci\u00f3n refrenda su compromiso de implementar estrategias que coadyuven a combatir este il\u00edcito en la entidad.<\/p>\n","protected":false},"excerpt":{"rendered":"<p>La Fiscal\u00eda Especializada en Combate a la Corrupci\u00f3n (FECC) adscrita a la Procuradur\u00eda General de Justicia del Estado (PGJE) imparti\u00f3 la capacitaci\u00f3n denominada \u201cResponsabilidades de los Servidores P\u00fablicos\u201d a directores, regidores y personal administrativo del municipio de Teolocholco. Durante el curso, los asistentes conocieron cu\u00e1les son las faltas administrativas graves y no graves; tipos de [&hellip;]<\/p>\n","protected":false},"author":3,"featured_media":232231,"comment_status":"open","ping_status":"open","sticky":false,"template":"","format":"standard","meta":{"footnotes":""},"categories":[150],"tags":[932,153,154,5073,18601,19446],"yst_prominent_words":[8085,14859,11815,22099,24775,24776,21247,22096,24753,19292,7763,9992,19713,11702,11689],"class_list":["post-232230","post","type-post","status-publish","format-standard","has-post-thumbnail","hentry","category-metropoli-tlaxcala","tag-teolocholco","tag-tlaxcala","tag-tlaxesnoticia","tag-tlaxesnoticiaapp","tag-tlaxhoyesnoticia","tag-tlaxhoyesnoticiaapp"],"_links":{"self":[{"href":"https:\/\/sintesis.com.mx\/tlaxcala\/wp-json\/wp\/v2\/posts\/232230"}],"collection":[{"href":"https:\/\/sintesis.com.mx\/tlaxcala\/wp-json\/wp\/v2\/posts"}],"about":[{"href":"https:\/\/sintesis.com.mx\/tlaxcala\/wp-json\/wp\/v2\/types\/post"}],"author":[{"embeddable":true,"href":"https:\/\/sintesis.com.mx\/tlaxcala\/wp-json\/wp\/v2\/users\/3"}],"replies":[{"embeddable":true,"href":"https:\/\/sintesis.com.mx\/tlaxcala\/wp-json\/wp\/v2\/comments?post=232230"}],"version-history":[{"count":0,"href":"https:\/\/sintesis.com.mx\/tlaxcala\/wp-json\/wp\/v2\/posts\/232230\/revisions"}],"wp:featuredmedia":[{"embeddable":true,"href":"https:\/\/sintesis.com.mx\/tlaxcala\/wp-json\/wp\/v2\/media\/232231"}],"wp:attachment":[{"href":"https:\/\/sintesis.com.mx\/tlaxcala\/wp-json\/wp\/v2\/media?parent=232230"}],"wp:term":[{"taxonomy":"category","embeddable":true,"href":"https:\/\/sintesis.com.mx\/tlaxcala\/wp-json\/wp\/v2\/categories?post=232230"},{"taxonomy":"post_tag","embeddable":true,"href":"https:\/\/sintesis.com.mx\/tlaxcala\/wp-json\/wp\/v2\/tags?post=232230"},{"taxonomy":"yst_prominent_words","embeddable":true,"href":"https:\/\/sintesis.com.mx\/tlaxcala\/wp-json\/wp\/v2\/yst_prominent_words?post=232230"}],"curies":[{"name":"wp","href":"https:\/\/api.w.org\/{rel}","templated":true}]}}