{"id":234206,"date":"2023-09-08T13:48:01","date_gmt":"2023-09-08T19:48:01","guid":{"rendered":"https:\/\/sintesis.com.mx\/tlaxcala\/?p=234206"},"modified":"2023-09-08T13:48:01","modified_gmt":"2023-09-08T19:48:01","slug":"la-magia-del-movimiento","status":"publish","type":"post","link":"https:\/\/sintesis.com.mx\/tlaxcala\/2023\/09\/08\/la-magia-del-movimiento\/","title":{"rendered":"La magia del movimiento"},"content":{"rendered":"<p>La Asociaci\u00f3n Mexicana de Fisioterapia durante el 2022 ten\u00eda registrados a 553 miembros apoyando a un n\u00famero indeterminado de personas. Se calcula que en el territorio nacional existen 13 mil 403 fisioterapeutas practicantes; lo cual significa que hay 1.06 fisioterapeutas por cada 100 mil habitantes.<\/p>\n<p>Los fisioterapeutas dentro del ejercicio de su profesi\u00f3n tienen una habilidad que por sus pacientes puede ser considerado \u201cm\u00e1gico y sanador\u201d, porque por medio de sus manos y conocimiento tienen la capacidad de curar una lesi\u00f3n que comprometa m\u00fasculos, huesos o tendones.<\/p>\n<p>Esto se hace con el objetivo de que el cuerpo no pierda su movilidad; es decir estudian los movimientos de articulaciones y los ligamentos para evitar los problemas posturales y todas aquellas cuestiones que a causa de una lesi\u00f3n pueden afectar la vida cotidiana de un individuo a causa del movimiento de su estructura corporal.<\/p>\n<p>Con el objetivo de reconocer su labor \u00a0cada ocho de septiembre se conmemora el <strong>D\u00eda Mundial del Fisioterapeuta.<\/strong><\/p>\n<p><img loading=\"lazy\" decoding=\"async\" class=\"aligncenter size-full wp-image-234207\" src=\"https:\/\/sintesis.com.mx\/tlaxcala\/wp-content\/uploads\/2023\/09\/Infografia-template-1.jpg\" alt=\"\" width=\"1080\" height=\"1080\" srcset=\"https:\/\/sintesis.com.mx\/tlaxcala\/wp-content\/uploads\/2023\/09\/Infografia-template-1.jpg 1080w, https:\/\/sintesis.com.mx\/tlaxcala\/wp-content\/uploads\/2023\/09\/Infografia-template-1-300x300.jpg 300w, https:\/\/sintesis.com.mx\/tlaxcala\/wp-content\/uploads\/2023\/09\/Infografia-template-1-1024x1024.jpg 1024w, https:\/\/sintesis.com.mx\/tlaxcala\/wp-content\/uploads\/2023\/09\/Infografia-template-1-150x150.jpg 150w, https:\/\/sintesis.com.mx\/tlaxcala\/wp-content\/uploads\/2023\/09\/Infografia-template-1-768x768.jpg 768w, https:\/\/sintesis.com.mx\/tlaxcala\/wp-content\/uploads\/2023\/09\/Infografia-template-1-696x696.jpg 696w, https:\/\/sintesis.com.mx\/tlaxcala\/wp-content\/uploads\/2023\/09\/Infografia-template-1-1068x1068.jpg 1068w, https:\/\/sintesis.com.mx\/tlaxcala\/wp-content\/uploads\/2023\/09\/Infografia-template-1-420x420.jpg 420w\" sizes=\"(max-width: 1080px) 100vw, 1080px\" \/><\/p>\n","protected":false},"excerpt":{"rendered":"<p>La Asociaci\u00f3n Mexicana de Fisioterapia durante el 2022 ten\u00eda registrados a 553 miembros apoyando a un n\u00famero indeterminado de personas. Se calcula que en el territorio nacional existen 13 mil 403 fisioterapeutas practicantes; lo cual significa que hay 1.06 fisioterapeutas por cada 100 mil habitantes. Los fisioterapeutas dentro del ejercicio de su profesi\u00f3n tienen una [&hellip;]<\/p>\n","protected":false},"author":43,"featured_media":234207,"comment_status":"open","ping_status":"open","sticky":false,"template":"","format":"standard","meta":{"footnotes":""},"categories":[5],"tags":[53160,1859,32352],"yst_prominent_words":[8100,12458,33666,8848],"class_list":["post-234206","post","type-post","status-publish","format-standard","has-post-thumbnail","hentry","category-cultura","tag-dia-mundial-del-fisioterapeuta","tag-fisioterapia","tag-rehabilitacion-fisica"],"_links":{"self":[{"href":"https:\/\/sintesis.com.mx\/tlaxcala\/wp-json\/wp\/v2\/posts\/234206"}],"collection":[{"href":"https:\/\/sintesis.com.mx\/tlaxcala\/wp-json\/wp\/v2\/posts"}],"about":[{"href":"https:\/\/sintesis.com.mx\/tlaxcala\/wp-json\/wp\/v2\/types\/post"}],"author":[{"embeddable":true,"href":"https:\/\/sintesis.com.mx\/tlaxcala\/wp-json\/wp\/v2\/users\/43"}],"replies":[{"embeddable":true,"href":"https:\/\/sintesis.com.mx\/tlaxcala\/wp-json\/wp\/v2\/comments?post=234206"}],"version-history":[{"count":0,"href":"https:\/\/sintesis.com.mx\/tlaxcala\/wp-json\/wp\/v2\/posts\/234206\/revisions"}],"wp:featuredmedia":[{"embeddable":true,"href":"https:\/\/sintesis.com.mx\/tlaxcala\/wp-json\/wp\/v2\/media\/234207"}],"wp:attachment":[{"href":"https:\/\/sintesis.com.mx\/tlaxcala\/wp-json\/wp\/v2\/media?parent=234206"}],"wp:term":[{"taxonomy":"category","embeddable":true,"href":"https:\/\/sintesis.com.mx\/tlaxcala\/wp-json\/wp\/v2\/categories?post=234206"},{"taxonomy":"post_tag","embeddable":true,"href":"https:\/\/sintesis.com.mx\/tlaxcala\/wp-json\/wp\/v2\/tags?post=234206"},{"taxonomy":"yst_prominent_words","embeddable":true,"href":"https:\/\/sintesis.com.mx\/tlaxcala\/wp-json\/wp\/v2\/yst_prominent_words?post=234206"}],"curies":[{"name":"wp","href":"https:\/\/api.w.org\/{rel}","templated":true}]}}