{"id":245671,"date":"2023-12-16T12:13:58","date_gmt":"2023-12-16T18:13:58","guid":{"rendered":"https:\/\/sintesis.com.mx\/tlaxcala\/?p=245671"},"modified":"2023-12-16T12:13:58","modified_gmt":"2023-12-16T18:13:58","slug":"reformo-comunicaciones-transportes","status":"publish","type":"post","link":"https:\/\/sintesis.com.mx\/tlaxcala\/2023\/12\/16\/reformo-comunicaciones-transportes\/","title":{"rendered":"Se reform\u00f3 ley de comunicaciones y transportes"},"content":{"rendered":"<p>Diputados integrantes de la LXIV Legislatura, aprobaron el dictamen con proyecto de decreto por el que se adiciona el cap\u00edtulo quinto ter <strong>\u201cDel Sistema de Transporte P\u00fablico de pasajeros Mediante Alternativas Tecnol\u00f3gicas de Movilidad Sustentable\u201d,<\/strong> los art\u00edculos 42, sexies, 42 septies, 42 octies, 42 nonies, 42 decies, 42 undicies, 42 duodecies; el cap\u00edtulo Octavo Bis \u201cde las Concesiones de Caminos y Carreteras Estatales\u201d y los art\u00edculos 48 bis, 48 ter, 48 quater, 48 quinquies, 48 sexties, 48 septies, 48 octies, 48 nonies, 48 decies y 48 undecies a la Ley de Comunicaciones y Transportes del Estado de Tlaxcala.<\/p>\n<p>En el dictamen presentado por las Comisiones Unidas de Puntos Constitucionales, Gobernaci\u00f3n y Justicia y Asuntos Pol\u00edticos y la de Movilidad, Comunicaciones y Transportes, que presiden la diputada Reyna Flor B\u00e1ez Lozano y el diputado Jorge Caballero Rom\u00e1n, se destac\u00f3 que estas reformas favorecen el desarrollo y consolidaci\u00f3n de proyectos que implementen la innovaci\u00f3n tecnol\u00f3gica, la movilidad sustentable y sobre todo propicie la creaci\u00f3n de infraestructura carretera que sirva como detonante de una mejor calidad de vida de las y los tlaxcaltecas.<\/p>\n<p><strong>De esta manera, el Pleno de la LXIV Legislatura aprob\u00f3 el establecimiento del Sistema de Transporte P\u00fablico de Pasajeros, mediante la implementaci\u00f3n de alternativas y soluciones de movilidad sustentable para el mejoramiento y preservaci\u00f3n del medio ambiente, que contribuyan a una gesti\u00f3n eficiente, tendente a la automatizaci\u00f3n,<\/strong> as\u00ed como a la reducci\u00f3n de las externalidades negativas de los desplazamientos.<\/p>\n<p>Cabe recalar que, este sistema de transporte p\u00fablico a instalarse, deber\u00e1 ser analizado con la participaci\u00f3n de los municipios en los que se implementar\u00e1n, a fin de garantizar su regulaci\u00f3n y que opere de manera exclusiva en vialidades de carriles reservados para \u00e9l y cuyas concesiones que resulten, tendr\u00e1n una vigencia de hasta 30 a\u00f1os con previa autorizaci\u00f3n por el Congreso del Estado.<\/p>\n<p>Para el caso de concesiones de caminos y carreteras, se deber\u00e1 priorizar la utilizaci\u00f3n de materiales reciclados, as\u00ed como el uso de energ\u00edas renovables, y en general, toda clase de medidas sustentables que contribuyan con la protecci\u00f3n al medio ambiente, que cumpla con los est\u00e1ndares de durabilidad y seguridad vial.<\/p>\n<p>De esta manera, el diputado Jorge Caballero Rom\u00e1n, iniciador, recalc\u00f3 que, se busca eficientar la movilidad interna del Estado, procurando el cuidado, protecci\u00f3n y preservaci\u00f3n del medio ambiente, a trav\u00e9s de una legislaci\u00f3n que suma y aporte a la regulaci\u00f3n de las concesiones tanto de transporte p\u00fablico como de infraestructura carretera.<\/p>\n<p>&nbsp;<\/p>\n","protected":false},"excerpt":{"rendered":"<p>Diputados integrantes de la LXIV Legislatura, aprobaron el dictamen con proyecto de decreto por el que se adiciona el cap\u00edtulo quinto ter \u201cDel Sistema de Transporte P\u00fablico de pasajeros Mediante Alternativas Tecnol\u00f3gicas de Movilidad Sustentable\u201d, los art\u00edculos 42, sexies, 42 septies, 42 octies, 42 nonies, 42 decies, 42 undicies, 42 duodecies; el cap\u00edtulo Octavo Bis [&hellip;]<\/p>\n","protected":false},"author":5,"featured_media":245672,"comment_status":"open","ping_status":"open","sticky":false,"template":"","format":"standard","meta":{"footnotes":""},"categories":[150],"tags":[20486,352,3326,153,154,5073,157,6096],"yst_prominent_words":[19944,10928,13118,29671,7869,29669],"class_list":["post-245671","post","type-post","status-publish","format-standard","has-post-thumbnail","hentry","category-metropoli-tlaxcala","tag-comunicaciones-y-transportes","tag-slide","tag-slideapp","tag-tlaxcala","tag-tlaxesnoticia","tag-tlaxesnoticiaapp","tag-tlaxslide","tag-tlaxslider"],"_links":{"self":[{"href":"https:\/\/sintesis.com.mx\/tlaxcala\/wp-json\/wp\/v2\/posts\/245671"}],"collection":[{"href":"https:\/\/sintesis.com.mx\/tlaxcala\/wp-json\/wp\/v2\/posts"}],"about":[{"href":"https:\/\/sintesis.com.mx\/tlaxcala\/wp-json\/wp\/v2\/types\/post"}],"author":[{"embeddable":true,"href":"https:\/\/sintesis.com.mx\/tlaxcala\/wp-json\/wp\/v2\/users\/5"}],"replies":[{"embeddable":true,"href":"https:\/\/sintesis.com.mx\/tlaxcala\/wp-json\/wp\/v2\/comments?post=245671"}],"version-history":[{"count":0,"href":"https:\/\/sintesis.com.mx\/tlaxcala\/wp-json\/wp\/v2\/posts\/245671\/revisions"}],"wp:featuredmedia":[{"embeddable":true,"href":"https:\/\/sintesis.com.mx\/tlaxcala\/wp-json\/wp\/v2\/media\/245672"}],"wp:attachment":[{"href":"https:\/\/sintesis.com.mx\/tlaxcala\/wp-json\/wp\/v2\/media?parent=245671"}],"wp:term":[{"taxonomy":"category","embeddable":true,"href":"https:\/\/sintesis.com.mx\/tlaxcala\/wp-json\/wp\/v2\/categories?post=245671"},{"taxonomy":"post_tag","embeddable":true,"href":"https:\/\/sintesis.com.mx\/tlaxcala\/wp-json\/wp\/v2\/tags?post=245671"},{"taxonomy":"yst_prominent_words","embeddable":true,"href":"https:\/\/sintesis.com.mx\/tlaxcala\/wp-json\/wp\/v2\/yst_prominent_words?post=245671"}],"curies":[{"name":"wp","href":"https:\/\/api.w.org\/{rel}","templated":true}]}}