{"id":257227,"date":"2024-05-19T19:39:05","date_gmt":"2024-05-20T01:39:05","guid":{"rendered":"https:\/\/sintesis.com.mx\/tlaxcala\/?p=257227"},"modified":"2024-05-19T19:39:05","modified_gmt":"2024-05-20T01:39:05","slug":"realizo-rodrigo-cuahutle-caminatas-xaloztoc-tlaxco","status":"publish","type":"post","link":"https:\/\/sintesis.com.mx\/tlaxcala\/2024\/05\/19\/realizo-rodrigo-cuahutle-caminatas-xaloztoc-tlaxco\/","title":{"rendered":"Realiz\u00f3 Rodrigo Cuahutle caminatas en Xaloztoc y Tlaxco\u00a0"},"content":{"rendered":"<p>Rodrigo Cuahutle Salazar, candidato del Partido del Trabajo (PT) al Senado de la Rep\u00fablica, recibi\u00f3 un impresionante respaldo este domingo durante las caminatas multitudinarias realizadas en Xaloztoc y Tlaxco.<\/p>\n<p>Las nutridas marchas demostraron la gran aceptaci\u00f3n del proyecto encabezado por Rodrigo Cuahutle y el PT, cuyo objetivo principal es luchar por el bienestar social.<\/p>\n<p>El candidato del pueblo estuvo acompa\u00f1ado por candidatos a presidentes municipales y aspirantes a diputaciones estatales y federales, quienes unidos mostraron la unidad y fortaleza de su proyecto pol\u00edtico a favor de la ciudadan\u00eda.<\/p>\n<p>En los recorridos, Cuahutle Salazar reafirm\u00f3 su compromiso con Tlaxcala, afirmando que desde el Senado trabajar\u00e1 para aumentar el salario m\u00ednimo, mejorar el acceso universal a la salud, expandir los programas de becas educativas y ampliar los programas sociales en favor de las personas en situaci\u00f3n de vulnerabilidad.<\/p>\n<p>Adem\u00e1s, subray\u00f3 su apoyo a Claudia Sheinbaum Pardo, candidata presidencial y la Cuarta Transformaci\u00f3n (4T), pidiendo a los tlaxcaltecas que voten por su proyecto el pr\u00f3ximo 2 de junio.<\/p>\n","protected":false},"excerpt":{"rendered":"<p>Rodrigo Cuahutle Salazar, candidato del Partido del Trabajo (PT) al Senado de la Rep\u00fablica, recibi\u00f3 un impresionante respaldo este domingo durante las caminatas multitudinarias realizadas en Xaloztoc y Tlaxco. Las nutridas marchas demostraron la gran aceptaci\u00f3n del proyecto encabezado por Rodrigo Cuahutle y el PT, cuyo objetivo principal es luchar por el bienestar social. El [&hellip;]<\/p>\n","protected":false},"author":73,"featured_media":257228,"comment_status":"open","ping_status":"open","sticky":false,"template":"","format":"standard","meta":{"footnotes":""},"categories":[51512],"tags":[36,153],"yst_prominent_words":[9223,9426,7845,7576,30517,13200,24386],"class_list":["post-257227","post","type-post","status-publish","format-standard","has-post-thumbnail","hentry","category-politica","tag-elecciones","tag-tlaxcala"],"_links":{"self":[{"href":"https:\/\/sintesis.com.mx\/tlaxcala\/wp-json\/wp\/v2\/posts\/257227"}],"collection":[{"href":"https:\/\/sintesis.com.mx\/tlaxcala\/wp-json\/wp\/v2\/posts"}],"about":[{"href":"https:\/\/sintesis.com.mx\/tlaxcala\/wp-json\/wp\/v2\/types\/post"}],"author":[{"embeddable":true,"href":"https:\/\/sintesis.com.mx\/tlaxcala\/wp-json\/wp\/v2\/users\/73"}],"replies":[{"embeddable":true,"href":"https:\/\/sintesis.com.mx\/tlaxcala\/wp-json\/wp\/v2\/comments?post=257227"}],"version-history":[{"count":0,"href":"https:\/\/sintesis.com.mx\/tlaxcala\/wp-json\/wp\/v2\/posts\/257227\/revisions"}],"wp:featuredmedia":[{"embeddable":true,"href":"https:\/\/sintesis.com.mx\/tlaxcala\/wp-json\/wp\/v2\/media\/257228"}],"wp:attachment":[{"href":"https:\/\/sintesis.com.mx\/tlaxcala\/wp-json\/wp\/v2\/media?parent=257227"}],"wp:term":[{"taxonomy":"category","embeddable":true,"href":"https:\/\/sintesis.com.mx\/tlaxcala\/wp-json\/wp\/v2\/categories?post=257227"},{"taxonomy":"post_tag","embeddable":true,"href":"https:\/\/sintesis.com.mx\/tlaxcala\/wp-json\/wp\/v2\/tags?post=257227"},{"taxonomy":"yst_prominent_words","embeddable":true,"href":"https:\/\/sintesis.com.mx\/tlaxcala\/wp-json\/wp\/v2\/yst_prominent_words?post=257227"}],"curies":[{"name":"wp","href":"https:\/\/api.w.org\/{rel}","templated":true}]}}