{"id":260552,"date":"2024-06-27T15:28:54","date_gmt":"2024-06-27T21:28:54","guid":{"rendered":"https:\/\/sintesis.com.mx\/tlaxcala\/?p=260552"},"modified":"2024-06-27T15:28:54","modified_gmt":"2024-06-27T21:28:54","slug":"se-aprobo-la-norma","status":"publish","type":"post","link":"https:\/\/sintesis.com.mx\/tlaxcala\/2024\/06\/27\/se-aprobo-la-norma\/","title":{"rendered":"Se aprob\u00f3 la norma y los lineamientos t\u00e9cnicos para el uso correcto de los espacios p\u00fablicos del Conjunto Conventual"},"content":{"rendered":"<ul>\n<li>\n<h3><strong>El Consafran aprob\u00f3 por unanimidad los lineamientos t\u00e9cnicos para la protecci\u00f3n del patrimonio cultural edificado y del espacio p\u00fablico<\/strong><\/h3>\n<\/li>\n<\/ul>\n<p>&nbsp;<\/p>\n<p>Esta norma tiene como objetivo la protecci\u00f3n del patrimonio cultural edificado y del espacio p\u00fablico en la entidad<\/p>\n<p>La Gobernadora del Estado, Lorena Cu\u00e9llar Cisneros presidi\u00f3 la segunda sesi\u00f3n ordinaria del Consejo Interinstitucional para la Salvaguarda, Protecci\u00f3n y Conservaci\u00f3n del Conjunto Conventual Franciscano y Catedralicio de Nuestra Se\u00f1ora de la Asunci\u00f3n (Consafran) y su \u00e1rea de influencia en la zona de la ciudad de Tlaxcala.<\/p>\n<p>El Consafran aprob\u00f3 por unanimidad los lineamientos t\u00e9cnicos para la protecci\u00f3n del patrimonio cultural edificado y del espacio p\u00fablico; esto, tras haber tratado el tema referente al uso inadecuado del espacio p\u00fablico del Conjunto Conventual, en espec\u00edfico de la zona n\u00facleo y de la zona de amortiguamento.<\/p>\n<p>En palabras de la Gobernadora, estos lineamientos se integrar\u00e1n en una sola disposici\u00f3n, misma en el que se respeten las atribuciones legales federales, estatales y municipales en la conservaci\u00f3n del patrimonio cultural y art\u00edstico.<\/p>\n<p>Es as\u00ed como con estos lineamientos el uso y aprovechamiento del espacio p\u00fablico en zonas patrimoniales se sujetar\u00e1 a lo establecido en la legislaci\u00f3n en materia de protecci\u00f3n del patrimonio cultural, desarrollo urbarno y ordenamiento territorial vigente en el cual se le den prioridad a los intereses colectivos sobre los intereses particulares.<\/p>\n<p>&nbsp;<\/p>\n","protected":false},"excerpt":{"rendered":"<p>El Consafran aprob\u00f3 por unanimidad los lineamientos t\u00e9cnicos para la protecci\u00f3n del patrimonio cultural edificado y del espacio p\u00fablico &nbsp; Esta norma tiene como objetivo la protecci\u00f3n del patrimonio cultural edificado y del espacio p\u00fablico en la entidad La Gobernadora del Estado, Lorena Cu\u00e9llar Cisneros presidi\u00f3 la segunda sesi\u00f3n ordinaria del Consejo Interinstitucional para la [&hellip;]<\/p>\n","protected":false},"author":88,"featured_media":260553,"comment_status":"open","ping_status":"open","sticky":false,"template":"","format":"standard","meta":{"footnotes":""},"categories":[59273],"tags":[50451,57252,349,17,61187,6749,352],"yst_prominent_words":[20963,8815,25387,11101,10535,7759],"class_list":["post-260552","post","type-post","status-publish","format-standard","has-post-thumbnail","hentry","category-arte-y-cultura","tag-conjunto-conventual","tag-consafran","tag-es-noticia","tag-hoyesnoticia","tag-lineamientos-tecnicos","tag-normas","tag-slide"],"_links":{"self":[{"href":"https:\/\/sintesis.com.mx\/tlaxcala\/wp-json\/wp\/v2\/posts\/260552"}],"collection":[{"href":"https:\/\/sintesis.com.mx\/tlaxcala\/wp-json\/wp\/v2\/posts"}],"about":[{"href":"https:\/\/sintesis.com.mx\/tlaxcala\/wp-json\/wp\/v2\/types\/post"}],"author":[{"embeddable":true,"href":"https:\/\/sintesis.com.mx\/tlaxcala\/wp-json\/wp\/v2\/users\/88"}],"replies":[{"embeddable":true,"href":"https:\/\/sintesis.com.mx\/tlaxcala\/wp-json\/wp\/v2\/comments?post=260552"}],"version-history":[{"count":1,"href":"https:\/\/sintesis.com.mx\/tlaxcala\/wp-json\/wp\/v2\/posts\/260552\/revisions"}],"predecessor-version":[{"id":260565,"href":"https:\/\/sintesis.com.mx\/tlaxcala\/wp-json\/wp\/v2\/posts\/260552\/revisions\/260565"}],"wp:featuredmedia":[{"embeddable":true,"href":"https:\/\/sintesis.com.mx\/tlaxcala\/wp-json\/wp\/v2\/media\/260553"}],"wp:attachment":[{"href":"https:\/\/sintesis.com.mx\/tlaxcala\/wp-json\/wp\/v2\/media?parent=260552"}],"wp:term":[{"taxonomy":"category","embeddable":true,"href":"https:\/\/sintesis.com.mx\/tlaxcala\/wp-json\/wp\/v2\/categories?post=260552"},{"taxonomy":"post_tag","embeddable":true,"href":"https:\/\/sintesis.com.mx\/tlaxcala\/wp-json\/wp\/v2\/tags?post=260552"},{"taxonomy":"yst_prominent_words","embeddable":true,"href":"https:\/\/sintesis.com.mx\/tlaxcala\/wp-json\/wp\/v2\/yst_prominent_words?post=260552"}],"curies":[{"name":"wp","href":"https:\/\/api.w.org\/{rel}","templated":true}]}}