{"id":260632,"date":"2024-06-28T13:25:29","date_gmt":"2024-06-28T19:25:29","guid":{"rendered":"https:\/\/sintesis.com.mx\/tlaxcala\/?p=260632"},"modified":"2024-06-28T13:25:29","modified_gmt":"2024-06-28T19:25:29","slug":"firman-convenio-sedif","status":"publish","type":"post","link":"https:\/\/sintesis.com.mx\/tlaxcala\/2024\/06\/28\/firman-convenio-sedif\/","title":{"rendered":"Firman convenio SEDIF y SEPE para continuar con el programa unidad de atenci\u00f3n visual"},"content":{"rendered":"<h3><em><strong>Este programa ha dado buenos resultados desde el a\u00f1o 2022 y continuar\u00e1 as\u00ed durante este 2024 para asegurar el acceso a revisiones oft\u00e1lmicas<\/strong><\/em><\/h3>\n<p>&nbsp;<\/p>\n<p>&nbsp;<\/p>\n<p>El Sistema Estatal para el Desarrollo Integral de la Familia (Sedif) y la Secretar\u00eda de Educaci\u00f3n P\u00fablica del Estado (SEPE) signaron un convenio para continuar con el Programa Unidad de Atenci\u00f3n Visual durante 2024.<\/p>\n<p>Dicho programa est\u00e1 dise\u00f1ado para detectar de manera oportuna problemas visuales en ni\u00f1as y ni\u00f1os de las escuelas p\u00fablicas de educaci\u00f3n primaria, al realizar revisiones oft\u00e1lmicas y proporcionar lentes a quienes lo necesiten.<\/p>\n<p>La firma de convenio se llev\u00f3 a cabo en las instalaciones del Sedif y estuvo encabezada por la presidenta honor\u00edfica del organismo, Mariana Espinosa de los Monteros Cu\u00e9llar; la directora general, Flor L\u00f3pez Hinojosa y el titular de la SEPE, Homero Meneses Hern\u00e1ndez.<\/p>\n<p>Al respecto, Espinosa de los Monteros celebr\u00f3 la firma del convenio para beneficiar a las y los ni\u00f1os de educaci\u00f3n primaria, lo que refleja un gran amor y un profundo compromiso por la poblaci\u00f3n de Tlaxcala, cumpliendo as\u00ed con la encomienda de la gobernadora Lorena Cu\u00e9llar Cisneros.<\/p>\n<p>Explic\u00f3 que este programa ha dado buenos resultados desde el a\u00f1o 2022 y que continuar\u00e1 as\u00ed durante este 2024 para asegurar que todos los estudiantes de educaci\u00f3n primaria en escuelas p\u00fablicas tengan acceso a revisiones oft\u00e1lmicas, y detectar y corregir problemas visuales a tiempo, con lo que se busca mejorar el rendimiento acad\u00e9mico y la calidad de vida de las ni\u00f1as y ni\u00f1os.<\/p>\n<p>\u201cA\u00f1o con a\u00f1o hemos llevado alrededor de 30 mil valoraciones desde el inicio de este programa. Hemos entregado m\u00e1s de 20 mil lentes anuales, y con la meta de este a\u00f1o llegaremos a ese mismo objetivo\u201d, agreg\u00f3, tras resaltar que con este programa las mam\u00e1s y pap\u00e1s de familia ya no tendr\u00e1n que preocuparse por atender la salud visual de sus ni\u00f1as y ni\u00f1os, ya que, con este programa, reciben de manera gratuita la valoraci\u00f3n y la dotaci\u00f3n de los lentes.<\/p>\n<p>En su oportunidad, el titular de la SEPE, Homero Meneses, refiri\u00f3 que este programa llega a todas las escuelas de comunidades rurales y urbanas, lo que ayuda al desarrollo integral de las y los alumnos y en su aprendizaje, lo que les permite incorporarse de manera integral a la sociedad y desarrollarse.<\/p>\n<p>Agreg\u00f3 que esta firma de convenio es muestra de la suma de esfuerzos \u201cque nos ha indicado la gobernadora Lorena Cu\u00e9llar Cisneros\u201d, para dar buenas cuentas y poner al servicio de las instituciones a las ni\u00f1as y a los ni\u00f1os, lo que tambi\u00e9n \u201csignifica un esfuerzo de amor, porque queremos ampliar esta cobertura\u201d.<\/p>\n","protected":false},"excerpt":{"rendered":"<p>Este programa ha dado buenos resultados desde el a\u00f1o 2022 y continuar\u00e1 as\u00ed durante este 2024 para asegurar el acceso a revisiones oft\u00e1lmicas &nbsp; &nbsp; El Sistema Estatal para el Desarrollo Integral de la Familia (Sedif) y la Secretar\u00eda de Educaci\u00f3n P\u00fablica del Estado (SEPE) signaron un convenio para continuar con el Programa Unidad de [&hellip;]<\/p>\n","protected":false},"author":3,"featured_media":260633,"comment_status":"open","ping_status":"open","sticky":false,"template":"","format":"standard","meta":{"footnotes":""},"categories":[59331,60192,150],"tags":[556,395,153,154,5073,157,5697],"yst_prominent_words":[15425,38938,21241,11982,10440,10519,8136],"class_list":["post-260632","post","type-post","status-publish","format-standard","has-post-thumbnail","hentry","category-sedif","category-sepe","category-metropoli-tlaxcala","tag-sedif","tag-sepe","tag-tlaxcala","tag-tlaxesnoticia","tag-tlaxesnoticiaapp","tag-tlaxslide","tag-tlaxslideapp"],"_links":{"self":[{"href":"https:\/\/sintesis.com.mx\/tlaxcala\/wp-json\/wp\/v2\/posts\/260632"}],"collection":[{"href":"https:\/\/sintesis.com.mx\/tlaxcala\/wp-json\/wp\/v2\/posts"}],"about":[{"href":"https:\/\/sintesis.com.mx\/tlaxcala\/wp-json\/wp\/v2\/types\/post"}],"author":[{"embeddable":true,"href":"https:\/\/sintesis.com.mx\/tlaxcala\/wp-json\/wp\/v2\/users\/3"}],"replies":[{"embeddable":true,"href":"https:\/\/sintesis.com.mx\/tlaxcala\/wp-json\/wp\/v2\/comments?post=260632"}],"version-history":[{"count":0,"href":"https:\/\/sintesis.com.mx\/tlaxcala\/wp-json\/wp\/v2\/posts\/260632\/revisions"}],"wp:featuredmedia":[{"embeddable":true,"href":"https:\/\/sintesis.com.mx\/tlaxcala\/wp-json\/wp\/v2\/media\/260633"}],"wp:attachment":[{"href":"https:\/\/sintesis.com.mx\/tlaxcala\/wp-json\/wp\/v2\/media?parent=260632"}],"wp:term":[{"taxonomy":"category","embeddable":true,"href":"https:\/\/sintesis.com.mx\/tlaxcala\/wp-json\/wp\/v2\/categories?post=260632"},{"taxonomy":"post_tag","embeddable":true,"href":"https:\/\/sintesis.com.mx\/tlaxcala\/wp-json\/wp\/v2\/tags?post=260632"},{"taxonomy":"yst_prominent_words","embeddable":true,"href":"https:\/\/sintesis.com.mx\/tlaxcala\/wp-json\/wp\/v2\/yst_prominent_words?post=260632"}],"curies":[{"name":"wp","href":"https:\/\/api.w.org\/{rel}","templated":true}]}}