{"id":277565,"date":"2025-01-28T09:19:53","date_gmt":"2025-01-28T15:19:53","guid":{"rendered":"https:\/\/sintesis.com.mx\/tlaxcala\/?p=277565"},"modified":"2025-01-28T09:19:53","modified_gmt":"2025-01-28T15:19:53","slug":"tlaxcala-celebra-raices","status":"publish","type":"post","link":"https:\/\/sintesis.com.mx\/tlaxcala\/2025\/01\/28\/tlaxcala-celebra-raices\/","title":{"rendered":"Tlaxcala celebra sus ra\u00edces: Llega la 27\u00aa Feria del Ma\u00edz y Otras Semillas Nativas a Espa\u00f1ita"},"content":{"rendered":"<p>El pr\u00f3ximo s\u00e1bado 8 de marzo de 2025, la comunidad de Vicente Guerrero, en el municipio de Espa\u00f1ita, Tlaxcala, ser\u00e1 sede de la 27.\u00aa edici\u00f3n de la Feria del Ma\u00edz y Otras Semillas Nativas. Bajo el lema \u201cEl ma\u00edz y las semillas nativas son el v\u00ednculo eterno entre la tierra y nuestras ra\u00edces\u201d, este evento anual celebra y promueve la riqueza agr\u00edcola y cultural de la regi\u00f3n.<\/p>\n<p>Dentro de las actividades destacadas, se encuentra la exposici\u00f3n de diversas variedades de semillas nativas, degustaci\u00f3n y venta de platillos tradicionales elaborados con ma\u00edz, venta de artesan\u00edas locales, presentaciones de m\u00fasica en vivo y otras sorpresas para los asistentes, a partir de las nueve de la ma\u00f1ana.<\/p>\n<p>La Feria del Ma\u00edz y Otras Semillas Nativas es organizada por el Grupo Vicente Guerrero A.C., una organizaci\u00f3n dedicada a la promoci\u00f3n de la soberan\u00eda alimentaria y la preservaci\u00f3n de las semillas nativas en Tlaxcala y M\u00e9xico. Desde su primera edici\u00f3n en 1997, la feria ha buscado fomentar el acercamiento entre campesinos e ind\u00edgenas para reconocer y compartir las variedades de ma\u00edz nativo, as\u00ed como propiciar el intercambio de saberes y conocimientos. \ufffc<\/p>\n<p>A lo largo de sus ediciones, la feria ha crecido en participaci\u00f3n y relevancia. Por ejemplo, en 2017, durante la XIX Feria del Ma\u00edz y Otras Semillas Nativas, se exhibieron y comercializaron diversas variedades de ma\u00edz, incluyendo el blanco, amarillo, cremoso y una variedad particular conocida como \u201cajo\u201d, caracterizada por tener cada grano envuelto en hoja de totomoxtle. \ufffc<\/p>\n<p>Este evento es una oportunidad \u00fanica para conocer y valorar la diversidad agr\u00edcola de Tlaxcala, disfrutar de la gastronom\u00eda local y apoyar a los productores y artesanos de la regi\u00f3n.<\/p>\n","protected":false},"excerpt":{"rendered":"<p>El pr\u00f3ximo s\u00e1bado 8 de marzo de 2025, la comunidad de Vicente Guerrero, en el municipio de Espa\u00f1ita, Tlaxcala, ser\u00e1 sede de la 27.\u00aa edici\u00f3n de la Feria del Ma\u00edz y Otras Semillas Nativas. Bajo el lema \u201cEl ma\u00edz y las semillas nativas son el v\u00ednculo eterno entre la tierra y nuestras ra\u00edces\u201d, este evento [&hellip;]<\/p>\n","protected":false},"author":89,"featured_media":277566,"comment_status":"open","ping_status":"open","sticky":false,"template":"","format":"standard","meta":{"footnotes":""},"categories":[5,5548,150],"tags":[15,317,61912,352,3326,13,32998,153,154,5073,18601,19446,61913],"yst_prominent_words":[14073,13314,9382,8276,7868,19916,18493,8847,8536,7536,12747,21611],"class_list":{"0":"post-277565","1":"post","2":"type-post","3":"status-publish","4":"format-standard","5":"has-post-thumbnail","6":"hentry","7":"category-cultura","9":"category-metropoli-tlaxcala","10":"tag-cultura","12":"tag-feria-del-maiz-y-otras-semillas-nativas","13":"tag-slide","14":"tag-slideapp","15":"tag-slider","16":"tag-sliderapp","17":"tag-tlaxcala","18":"tag-tlaxesnoticia","19":"tag-tlaxesnoticiaapp","20":"tag-tlaxhoyesnoticia","21":"tag-tlaxhoyesnoticiaapp","22":"tag-vicente-guerrero"},"_links":{"self":[{"href":"https:\/\/sintesis.com.mx\/tlaxcala\/wp-json\/wp\/v2\/posts\/277565"}],"collection":[{"href":"https:\/\/sintesis.com.mx\/tlaxcala\/wp-json\/wp\/v2\/posts"}],"about":[{"href":"https:\/\/sintesis.com.mx\/tlaxcala\/wp-json\/wp\/v2\/types\/post"}],"author":[{"embeddable":true,"href":"https:\/\/sintesis.com.mx\/tlaxcala\/wp-json\/wp\/v2\/users\/89"}],"replies":[{"embeddable":true,"href":"https:\/\/sintesis.com.mx\/tlaxcala\/wp-json\/wp\/v2\/comments?post=277565"}],"version-history":[{"count":2,"href":"https:\/\/sintesis.com.mx\/tlaxcala\/wp-json\/wp\/v2\/posts\/277565\/revisions"}],"predecessor-version":[{"id":277569,"href":"https:\/\/sintesis.com.mx\/tlaxcala\/wp-json\/wp\/v2\/posts\/277565\/revisions\/277569"}],"wp:featuredmedia":[{"embeddable":true,"href":"https:\/\/sintesis.com.mx\/tlaxcala\/wp-json\/wp\/v2\/media\/277566"}],"wp:attachment":[{"href":"https:\/\/sintesis.com.mx\/tlaxcala\/wp-json\/wp\/v2\/media?parent=277565"}],"wp:term":[{"taxonomy":"category","embeddable":true,"href":"https:\/\/sintesis.com.mx\/tlaxcala\/wp-json\/wp\/v2\/categories?post=277565"},{"taxonomy":"post_tag","embeddable":true,"href":"https:\/\/sintesis.com.mx\/tlaxcala\/wp-json\/wp\/v2\/tags?post=277565"},{"taxonomy":"yst_prominent_words","embeddable":true,"href":"https:\/\/sintesis.com.mx\/tlaxcala\/wp-json\/wp\/v2\/yst_prominent_words?post=277565"}],"curies":[{"name":"wp","href":"https:\/\/api.w.org\/{rel}","templated":true}]}}