{"id":286993,"date":"2025-05-08T13:55:05","date_gmt":"2025-05-08T19:55:05","guid":{"rendered":"https:\/\/sintesis.com.mx\/tlaxcala\/?p=286993"},"modified":"2025-05-08T13:55:05","modified_gmt":"2025-05-08T19:55:05","slug":"robert-francis-prevost-papa","status":"publish","type":"post","link":"https:\/\/sintesis.com.mx\/tlaxcala\/2025\/05\/08\/robert-francis-prevost-papa\/","title":{"rendered":"Robert Francis Prevost es elegido Papa: el mundo cat\u00f3lico celebra la llegada de Le\u00f3n XIV"},"content":{"rendered":"<h1 class=\"p2\"><em><strong>Habemos papam<\/strong><\/em><\/h1>\n<p>&nbsp;<\/p>\n<p class=\"p2\"><span class=\"s1\">La Iglesia Cat\u00f3lica inicia una nueva etapa bajo el liderazgo de Le\u00f3n XIV, nombre adoptado por el cardenal Robert Francis Prevost, quien fue elegido este jueves como el sucesor del Papa Francisco. La elecci\u00f3n tuvo lugar tras un c\u00f3nclave que se resolvi\u00f3 en apenas cuatro votaciones, culminando con la tradicional fumata blanca que anunci\u00f3 al mundo: <\/span><em><span class=\"s3\">habemus papam<\/span><span class=\"s1\">.<\/span><\/em><\/p>\n<p class=\"p2\"><span class=\"s1\">Originario de Chicago, Estados Unidos, Prevost, de 69 a\u00f1os, marca un hito al convertirse en el primer papa estadounidense de la historia y el segundo del continente americano. Miembro de la Orden de San Agust\u00edn, cuenta tambi\u00e9n con nacionalidad peruana, adquirida tras m\u00e1s de tres d\u00e9cadas de servicio pastoral en ese pa\u00eds, donde incluso fue obispo de Chiclayo.<\/span><\/p>\n<p class=\"p2\"><span class=\"s1\">Al aparecer por primera vez ante miles de fieles reunidos en la Plaza de San Pedro, Le\u00f3n XIV expres\u00f3 su voluntad de continuar con una Iglesia cercana, sencilla y comprometida con los m\u00e1s necesitados. Habl\u00f3 en varios idiomas, incluyendo el espa\u00f1ol, al recordar con afecto a las comunidades latinoamericanas que acompa\u00f1\u00f3 durante su misi\u00f3n, lo que gener\u00f3 una reacci\u00f3n emotiva en el p\u00fablico.<\/span><\/p>\n<p class=\"p2\"><span class=\"s1\">En su primer mensaje, el nuevo pont\u00edfice subray\u00f3 la importancia de la unidad, la justicia y la escucha dentro de la Iglesia. Tambi\u00e9n hizo referencia a los desaf\u00edos contempor\u00e1neos: el cambio clim\u00e1tico, la desigualdad y el papel de la juventud en la transformaci\u00f3n del mundo. Aunque no hubo una menci\u00f3n directa a M\u00e9xico, su elecci\u00f3n reson\u00f3 en diversas di\u00f3cesis del pa\u00eds, incluyendo algunas de profunda tradici\u00f3n cat\u00f3lica como Tlaxcala, donde comunidades religiosas han expresado su esperanza en una renovaci\u00f3n espiritual guiada por este nuevo papado.<\/span><\/p>\n<p class=\"p2\"><span class=\"s1\">Le\u00f3n XIV asume el tim\u00f3n del Vaticano en un momento crucial para la Iglesia, que enfrenta retos tanto internos como externos. Su experiencia como misionero, formador y reformador dentro del clero lo perfila como un papa con visi\u00f3n global, pero con los pies bien puestos en la realidad de los pueblos.<\/span><\/p>\n","protected":false},"excerpt":{"rendered":"<p>Habemos papam &nbsp; La Iglesia Cat\u00f3lica inicia una nueva etapa bajo el liderazgo de Le\u00f3n XIV, nombre adoptado por el cardenal Robert Francis Prevost, quien fue elegido este jueves como el sucesor del Papa Francisco. La elecci\u00f3n tuvo lugar tras un c\u00f3nclave que se resolvi\u00f3 en apenas cuatro votaciones, culminando con la tradicional fumata blanca [&hellip;]<\/p>\n","protected":false},"author":89,"featured_media":286994,"comment_status":"open","ping_status":"open","sticky":false,"template":"","format":"standard","meta":{"footnotes":""},"categories":[59470,150],"tags":[62939,62940,62938,352,3326,13,153,154,18601,157,1783],"yst_prominent_words":[23642,10270,8681,7520,13312,42208,8510,8279,23999,11722,9850,43477],"class_list":["post-286993","post","type-post","status-publish","format-standard","has-post-thumbnail","hentry","category-religon","category-metropoli-tlaxcala","tag-habemus-papam","tag-leon-xiv","tag-robert-francis-prevost","tag-slide","tag-slideapp","tag-slider","tag-tlaxcala","tag-tlaxesnoticia","tag-tlaxhoyesnoticia","tag-tlaxslide","tag-vaticano"],"_links":{"self":[{"href":"https:\/\/sintesis.com.mx\/tlaxcala\/wp-json\/wp\/v2\/posts\/286993"}],"collection":[{"href":"https:\/\/sintesis.com.mx\/tlaxcala\/wp-json\/wp\/v2\/posts"}],"about":[{"href":"https:\/\/sintesis.com.mx\/tlaxcala\/wp-json\/wp\/v2\/types\/post"}],"author":[{"embeddable":true,"href":"https:\/\/sintesis.com.mx\/tlaxcala\/wp-json\/wp\/v2\/users\/89"}],"replies":[{"embeddable":true,"href":"https:\/\/sintesis.com.mx\/tlaxcala\/wp-json\/wp\/v2\/comments?post=286993"}],"version-history":[{"count":1,"href":"https:\/\/sintesis.com.mx\/tlaxcala\/wp-json\/wp\/v2\/posts\/286993\/revisions"}],"predecessor-version":[{"id":286995,"href":"https:\/\/sintesis.com.mx\/tlaxcala\/wp-json\/wp\/v2\/posts\/286993\/revisions\/286995"}],"wp:featuredmedia":[{"embeddable":true,"href":"https:\/\/sintesis.com.mx\/tlaxcala\/wp-json\/wp\/v2\/media\/286994"}],"wp:attachment":[{"href":"https:\/\/sintesis.com.mx\/tlaxcala\/wp-json\/wp\/v2\/media?parent=286993"}],"wp:term":[{"taxonomy":"category","embeddable":true,"href":"https:\/\/sintesis.com.mx\/tlaxcala\/wp-json\/wp\/v2\/categories?post=286993"},{"taxonomy":"post_tag","embeddable":true,"href":"https:\/\/sintesis.com.mx\/tlaxcala\/wp-json\/wp\/v2\/tags?post=286993"},{"taxonomy":"yst_prominent_words","embeddable":true,"href":"https:\/\/sintesis.com.mx\/tlaxcala\/wp-json\/wp\/v2\/yst_prominent_words?post=286993"}],"curies":[{"name":"wp","href":"https:\/\/api.w.org\/{rel}","templated":true}]}}