{"id":287637,"date":"2025-05-15T15:24:32","date_gmt":"2025-05-15T21:24:32","guid":{"rendered":"https:\/\/sintesis.com.mx\/tlaxcala\/?p=287637"},"modified":"2025-05-15T15:24:32","modified_gmt":"2025-05-15T21:24:32","slug":"sanidad-vegetal-indispensable","status":"publish","type":"post","link":"https:\/\/sintesis.com.mx\/tlaxcala\/2025\/05\/15\/sanidad-vegetal-indispensable\/","title":{"rendered":"Es la sanidad vegetal un factor indispensable del campo"},"content":{"rendered":"<h1 class=\"p1\"><em><strong>Es esencial para alcanzar la soberan\u00eda alimentaria<\/strong><\/em><\/h1>\n<p>&nbsp;<\/p>\n<p class=\"p1\"><span class=\"s1\">En el marco del D\u00eda Internacional de la Sanidad Vegetal que se celebra el 12 de mayo, el director general\u00a0de Sanidad Vegetal del Servicio Nacional de Sanidad, Inocuidad y Calidad Agroalimentaria (Senasica), Francisco Ram\u00edrez y Ram\u00edrez explic\u00f3 que M\u00e9xico se ha consolidado como un referente internacional, gracias a su liderazgo en el manejo de riesgos fitosanitarios, ya que desde el Senasica se ha construido un sistema s\u00f3lido, cient\u00edfico y preventivo, capaz de enfrentar los retos actuales y futuros en materia de sanidad vegetal.<\/span><\/p>\n<p class=\"p1\"><span class=\"s1\">Francisco Ram\u00edrez enfatiz\u00f3 que la conciencia sobre la sanidad vegetal es una prioridad que, en 2025, debe fortalecerse ante desaf\u00edos cada vez m\u00e1s complejos a nivel global, como el cambio clim\u00e1tico, la seguridad alimentaria, la resistencia a los antimicrobianos y la aparici\u00f3n de nuevas amenazas fitosanitarias.<\/span><\/p>\n<p class=\"p1\"><span class=\"s1\">Proteger los cultivos nacionales para garantizar el bienestar de la sociedad, el desarrollo del campo y la sostenibilidad del pa\u00eds, son objetivos que desde el Senasica se alinean en la ruta de fortalecer la autosuficiencia y soberan\u00eda alimentaria, como parte del Plan M\u00e9xico.<\/span><\/p>\n<p class=\"p1\"><span class=\"s1\">Como ejemplo, el director general de Sanidad Vegetal mencion\u00f3 los Programas del Bienestar a cargo de AGRICULTURA: \u201cLa sanidad vegetal es esencial para que estos programas alcancen sus metas. No puede haber soberan\u00eda sin producci\u00f3n, ni producci\u00f3n sin sanidad vegetal, ya que esta es la base sobre la cual M\u00e9xico construye su seguridad alimentaria\u201d.<\/span><\/p>\n<p class=\"p1\"><span class=\"s1\">Ram\u00edrez y Ram\u00edrez destac\u00f3 que el enfoque <\/span><span class=\"s3\">Una Sola Salud<\/span><span class=\"s1\"> se ha vuelto indispensable. Este concepto que integra la salud humana, animal, vegetal y ambiental no es un tema t\u00e9cnico aislado, sino una responsabilidad compartida con impacto directo en la salud p\u00fablica y en los ecosistemas.<\/span><\/p>\n","protected":false},"excerpt":{"rendered":"<p>Es esencial para alcanzar la soberan\u00eda alimentaria &nbsp; En el marco del D\u00eda Internacional de la Sanidad Vegetal que se celebra el 12 de mayo, el director general\u00a0de Sanidad Vegetal del Servicio Nacional de Sanidad, Inocuidad y Calidad Agroalimentaria (Senasica), Francisco Ram\u00edrez y Ram\u00edrez explic\u00f3 que M\u00e9xico se ha consolidado como un referente internacional, gracias [&hellip;]<\/p>\n","protected":false},"author":73,"featured_media":287638,"comment_status":"open","ping_status":"open","sticky":false,"template":"","format":"standard","meta":{"footnotes":""},"categories":[59272,59293,150],"tags":[349,6427,17,3430,352,3326,13,32998,153,154,5073,18601,19446,157,5697,6096,24533],"yst_prominent_words":[23900,9302,25418,8495,7720,7640,7809,25094,13686,18615],"class_list":["post-287637","post","type-post","status-publish","format-standard","has-post-thumbnail","hentry","category-agricultura","category-agropecuario","category-metropoli-tlaxcala","tag-es-noticia","tag-esnoticia","tag-hoyesnoticia","tag-hoyesnoticiaapp","tag-slide","tag-slideapp","tag-slider","tag-sliderapp","tag-tlaxcala","tag-tlaxesnoticia","tag-tlaxesnoticiaapp","tag-tlaxhoyesnoticia","tag-tlaxhoyesnoticiaapp","tag-tlaxslide","tag-tlaxslideapp","tag-tlaxslider","tag-tlaxsliderapp"],"_links":{"self":[{"href":"https:\/\/sintesis.com.mx\/tlaxcala\/wp-json\/wp\/v2\/posts\/287637"}],"collection":[{"href":"https:\/\/sintesis.com.mx\/tlaxcala\/wp-json\/wp\/v2\/posts"}],"about":[{"href":"https:\/\/sintesis.com.mx\/tlaxcala\/wp-json\/wp\/v2\/types\/post"}],"author":[{"embeddable":true,"href":"https:\/\/sintesis.com.mx\/tlaxcala\/wp-json\/wp\/v2\/users\/73"}],"replies":[{"embeddable":true,"href":"https:\/\/sintesis.com.mx\/tlaxcala\/wp-json\/wp\/v2\/comments?post=287637"}],"version-history":[{"count":1,"href":"https:\/\/sintesis.com.mx\/tlaxcala\/wp-json\/wp\/v2\/posts\/287637\/revisions"}],"predecessor-version":[{"id":287651,"href":"https:\/\/sintesis.com.mx\/tlaxcala\/wp-json\/wp\/v2\/posts\/287637\/revisions\/287651"}],"wp:featuredmedia":[{"embeddable":true,"href":"https:\/\/sintesis.com.mx\/tlaxcala\/wp-json\/wp\/v2\/media\/287638"}],"wp:attachment":[{"href":"https:\/\/sintesis.com.mx\/tlaxcala\/wp-json\/wp\/v2\/media?parent=287637"}],"wp:term":[{"taxonomy":"category","embeddable":true,"href":"https:\/\/sintesis.com.mx\/tlaxcala\/wp-json\/wp\/v2\/categories?post=287637"},{"taxonomy":"post_tag","embeddable":true,"href":"https:\/\/sintesis.com.mx\/tlaxcala\/wp-json\/wp\/v2\/tags?post=287637"},{"taxonomy":"yst_prominent_words","embeddable":true,"href":"https:\/\/sintesis.com.mx\/tlaxcala\/wp-json\/wp\/v2\/yst_prominent_words?post=287637"}],"curies":[{"name":"wp","href":"https:\/\/api.w.org\/{rel}","templated":true}]}}