{"id":293192,"date":"2025-07-10T12:34:29","date_gmt":"2025-07-10T18:34:29","guid":{"rendered":"https:\/\/sintesis.com.mx\/tlaxcala\/?p=293192"},"modified":"2025-07-10T12:34:29","modified_gmt":"2025-07-10T18:34:29","slug":"mueganos-huamantlecos-157","status":"publish","type":"post","link":"https:\/\/sintesis.com.mx\/tlaxcala\/2025\/07\/10\/mueganos-huamantlecos-157\/","title":{"rendered":"Mu\u00e9ganos huamantlecos"},"content":{"rendered":"<p><em>Por: Gabriel Flores Hern\u00e1ndez.<\/em><\/p>\n<hr \/>\n<p>Huamantla en los \u201csanfermines\u201d de Espa\u00f1a\u2026La bonita ciudad de Pamplona, en Navarra, Espa\u00f1a, vive del 7 al 14 de julio sus famosos encierros de \u201cSanfermines 2025\u201d, en fiestas en honor a su Santo Patrono San Ferm\u00edn, que es llevado en procesi\u00f3n hasta el circuito de los encierros taurinos, en un altar donde le entonan canticos antes de soltar los toros.<\/p>\n<p>Sabemos que un grupo de huamantlecos, estar\u00e1n viajando esta semana hasta Pamplona, Espa\u00f1a, en un tour para estar presentes en los encierros.<\/p>\n<p>En el primer encierro donde corrieron toros de la ganader\u00eda de Fuente Ymbro; la cadena oficial Televisi\u00f3n Espa\u00f1ola, transmite estos encierros, pero en este el primer encierro, se enlazaron hasta Am\u00e9rica, en Huamantla, Tlaxcala M\u00e9xico, desde el Museo Taurino, donde un grupo de aficionados taurinos huamantlecos, enviaron un emotivo mensaje para los pamplonenses y los corredores de los \u201cSanfermines\u201d, dos ciudades hermanadas por los encierros y por los toros, la afici\u00f3n taurina; adem\u00e1s de recordar que Huamantla, en el mes de diciembre realiza su encierro de \u201cPamplonada\u201d, invitando a televidentes de todo el mundo, a venir a Huamantla, en las fiestas de fin de a\u00f1o.<\/p>\n<p>No hay que olvidar que este a\u00f1o el encierro de \u201cHuamantlada\u201d, en el marco de la Feria Internacional de Huamantla 2025, en honor a la Sant\u00edsima Virgen de la Caridad, se realizar\u00e1 el s\u00e1bado 23 de agosto; sin faltar un d\u00eda antes el Desfile \u201cNoche de Burladeros\u201d.<\/p>\n<p>Alla en Pamplona, las ganader\u00edas participantes este a\u00f1o son: Fuente Ymbro: lunes7 de julio; Cebada Gago, martes 8 de julio; \u00c1lvaro Nu\u00f1ez: mi\u00e9rcoles 9 de julio; Victoriano del R\u00edo: jueves 9 de julio; Jandilla: viernes 11 de julio; Jos\u00e9 Escobar: s\u00e1bado 12 de julio; La Palmosilla: domingo 13 de julio: Miura: lunes 14 de julio.<\/p>\n<p>Nos escuchamos en la Radio, sintoniza \u201cEstudio 43\u201d, -El pensamiento y la palabra- en vivo desde los Estudios de \u201cGrupo Begaalfe Comunicaciones\u201d. En la Edici\u00f3n 40, interesantes temas y los promocionales de la Feria de Huamantla.<\/p>\n<p>A medida que transcurren los d\u00edas de julio, es dif\u00edcil dejar de hablar de los preparativos de la feria huamantleca y es que despu\u00e9s de que concluyeron los trabajos de restauraci\u00f3n a la milagrosa imagen de la Virgen de La Caridad, la veremos en su altar, en todo su esplendor el 12 de agosto, cuando estrene su vestido y manto, elaborado por esas manos m\u00e1gicas llenas de f\u00e9 y devoci\u00f3n en sus 70 bordadoras y bordadores.<\/p>\n<p>El pasado fin de semana la Bas\u00edlica de Nuestra Se\u00f1ora de La Caridad, tuvo a bien convocar a todas las jovencitas y ni\u00f1as que habr\u00e1n de participar en la procesi\u00f3n del 14 de agosto en \u201cLa Noche que Nadie Duerme\u201d, con ese motivo hay pl\u00e1ticas de formaci\u00f3n prepara tu coraz\u00f3n para este hermoso momento \u00a1No te pierdas esta oportunidad de servir y crecer en la fe!<\/p>\n<p>\u201cHuamantla Taurina\u201d y \u201cSegundo Tercio, Radio Taurina\u201d informan: Se conocen ya los carteles taurinos de la feria huamantleca, para el mes de agosto, en la centenaria Plaza de Toros \u201cLa Taurina\u201d Fernando de los Reyes \u201cEl Callao\u201d: Las combinaciones son:<\/p>\n<p>S\u00e1bado 9 de agosto. &#8211; Toros de De Haro para Jos\u00e9 Luis Angelino, Israel T\u00e9llez y Sebasti\u00e1n Palomo. El festejo iniciar\u00e1 a las 16:00 horas.<\/p>\n<p>Jueves 14 de agosto, \u201cCorrida de las Luces\u201d en \u2013 \u201cLa Noche que Nadie Duerme\u201d- Siete de la noche. Ganado de Bego\u00f1a para Ernesto Javier \u00abCalita\u00bb, Jos\u00e9 Mar\u00eda Mac\u00edas e Isaac Fonseca.<\/p>\n<p>S\u00e1bado 23.- D\u00eda de la Huamantlada. A las 16:00 horas, con toros de Zacatepec, de la familia Mu\u00f1oz, Uriel Moreno \u00abEl Zapata\u00bb, Juan Pablo S\u00e1nchez y Rom\u00e1n.<\/p>\n<p>La Pe\u00f1a Taurina Huamantla Asociaci\u00f3n Civil, que dirige Jorde Hern\u00e1ndez Torres, est\u00e1 convocando a jovencitas a inscribirse en el proceso de selecci\u00f3n de las Candidatas a Reina de la Pe\u00f1a Taurina, las inscripciones est\u00e1n abiertas, mientras que el certamen ser\u00e1 en el mes de septiembre y la coronaci\u00f3n de quien resulte electa ser\u00e1 en el mes de octubre.<\/p>\n<p>La sociedad de teatro \u00abCervantes Saavedra\u00bb, que dirige el buen amigo Fernando Guevara Trujillo, invita al p\u00fablico en general al: \u00abCurso de Verano de Teatro \u00ab, aprende a actuar, a hablar en p\u00fablico, expresarte corporalmente a mejorar tu memoria.<\/p>\n<p>inicio y duraci\u00f3n del curso: del 9 de julio al 20 de agosto. clases: lunes, mi\u00e9rcoles y viernes, de 5 a 7:30 p.m. edad m\u00ednima: 8 a\u00f1os, informes: WhatsApp 2474714192 o en el Centro Cultural Huamantla, frente al Parque Ju\u00e1rez, centro de Huamantla.<\/p>\n<p>La secretaria de Turismo (Sectur) federal, Josefina Rodr\u00edguez Zamora, dio a conocer una serie de proyectos que ayudar\u00e1n a seguir posicionando al estado de Tlaxcala como una de las entidades con mayor proyecci\u00f3n tur\u00edstica nacional e internacional, al ser incluido en programas de infraestructura, turismo comunitario y eventos estrat\u00e9gicos.<\/p>\n<p>Tlaxcala es uno de los ocho estados que tendr\u00e1 una gu\u00eda de turismo comunitario\u201d, anunci\u00f3 durante firma del Convenio Marco del Programa Rutas M\u00e1gicas de Color 2025.<\/p>\n<p>Tlaxcala es uno de los ocho estados seleccionados para contar con una gu\u00eda oficial de turismo comunitario avalada por la UNESCO, lo que permitir\u00e1 identificar, capacitar y proyectar experiencias \u00fanicas en los 60 municipios para fortalecer su identidad cultural y comercializar sus atractivos en plataformas globales.<\/p>\n<p>Otro pilar del Plan M\u00e9xico es generar infraestructura tur\u00edstica; por tanto, la entidad formar\u00e1 parte del portafolio nacional con una inversi\u00f3n estimada de 432 millones de d\u00f3lares hacia 2030, mientras que en este 2025 van a llegar 6 millones de d\u00f3lares.<\/p>\n<p>la entidad ser\u00e1 el primer estado del pa\u00eds en contar con los \u00abTuritour\u00bb, modernos tranv\u00edas desarrollados en colaboraci\u00f3n con ADO.<\/p>\n<p>Estos veh\u00edculos estar\u00e1n equipados con audiogu\u00edas, accesibilidad para personas con discapacidad y circular\u00e1n inicialmente en los tres pueblos m\u00e1gicos: Huamantla, Tlaxco e Ixtenco.<\/p>\n<p>Como parte de la estrategia de promoci\u00f3n internacional rumbo al Mundial 2026, la secretaria anunci\u00f3 que Tlaxcala ser\u00e1 parte de las rutas regionales del turismo futbol\u00edstico, incluyendo la rehabilitaci\u00f3n de espacios p\u00fablicos y canchas deportivas como legado social.<\/p>\n<p>Adem\u00e1s, el estado tendr\u00e1 una destacada participaci\u00f3n en el evento gastron\u00f3mico m\u00e1s importante del pa\u00eds, que se celebrar\u00e1 durante 45 d\u00edas en Campo Marte, Ciudad de M\u00e9xico, con cocineras tradicionales, bebidas ancestrales y danzas folcl\u00f3ricas.<\/p>\n<p>La gobernadora Lorena Cu\u00e9llar Cisneros encabez\u00f3 el arranque de la Fiesta del Bosque 2025, donde dio a conocer que, en coordinaci\u00f3n con el gobierno federal, se invertir\u00e1n 10 millones de pesos para la restauraci\u00f3n de zonas afectadas por incendios en el estado de Tlaxcala en este 2025. Asimismo, se sembrar\u00e1n 353 mil \u00e1rboles en una jornada que ser\u00e1 hist\u00f3rica y que sumar\u00e1 el trabajo de ejidos, brigadas, voluntarios y autoridades.<\/p>\n<p>por primera vez, vamos a ejecutar mil 700 hect\u00e1reas; es un dato hist\u00f3rico para Tlaxcala con un apoyo de 3.7 millones de pesos. Por primera vez tambi\u00e9n trabajaremos dos proyectos para mujeres que suman en total 2.5 millones de pesos y quedar\u00e1n aplicados en el municipio de Tlaxco.\u00a0 En total, en este a\u00f1o, al cierre de esta convocatoria, estaremos ejecutando en Tlaxcala 16 millones de pesos<\/p>\n<p>El otorgamiento de concesiones de transporte p\u00fablico en los municipios de Huamantla, Zitlaltepec y San Pablo del Monte, la Secretar\u00eda de Movilidad y Transporte (SMyT) informa que el proceso se realiz\u00f3 con estricto apego a la legalidad, sustentado en estudios t\u00e9cnicos de factibilidad y en declaratorias de necesidad p\u00fablica previamente publicadas; adem\u00e1s, para garantizar la transparencia del procedimiento administrativo se difundi\u00f3 a trav\u00e9s del Peri\u00f3dico Oficial del Estado.<\/p>\n<p>Asimismo, se detalla que en la Declaratoria de Necesidad P\u00fablica para el Otorgamiento de Concesiones se reconoci\u00f3 la existencia de una demanda insatisfecha del servicio p\u00fablico de transporte p\u00fablico para municipios como Apizaco, Tlaxco, Huamantla, Chiautempan, entre otros. A partir de esta declaratoria, se recibieron las solicitudes y se dictaminaron conforme al procedimiento correspondiente.<\/p>\n<p>Una vez que los expedientes recibidos fueron debidamente integrados, entonces se turnaron al Comit\u00e9 de Validaci\u00f3n de Solicitudes y Procedimientos para el Otorgamiento de Concesiones de transporte p\u00fablico en sus diferentes modalidades, integrado por las secretar\u00edas de Gobierno (SEGOB), de la Funci\u00f3n P\u00fablica (SFP), de Finanzas (SF), de Ordenamiento Territorial y Vivienda (SOTyV) y la SMyT, el cual aprob\u00f3 el procedimiento de otorgamiento en cada caso.<\/p>\n<p>Respecto al municipio de Zitlaltepec, la SMyT explica que el otorgamiento de concesiones fue parte de una estrategia para sustituir el servicio irregular de mototaxis, no contemplado en la ley, a fin de garantizar la seguridad vial y el cumplimiento del marco jur\u00eddico estatal.<\/p>\n<p>Esta decisi\u00f3n se tom\u00f3 tras varias reuniones con autoridades municipales y operadores de mototaxis, donde ellos expresaron su voluntad para integrarse de manera formal al sistema de transporte autorizado.<\/p>\n<p>Escucha las emisoras de radio digital internacional integrantes de \u201cGrupo Begaalfe Comunicaciones\u201d, en el programa Edici\u00f3n 39, estamos haciendo el lanzamiento oficial de una nueva cantante estadounidense, de origen latino se trata de Alexis Salgado, quien es una din\u00e1mica cantante y compositora cubanoamericana con profundas ra\u00edces musicales. Nacida en San Gabriel, California, y actualmente radicada en Miami, Florida, Alexis ha estado actuando desde su infancia, mostrando su talento desde los 3 a\u00f1os y escribiendo canciones a los 8. Al reconocer su talento a temprana edad, sus padres la apoyaron con clases de canto, allanando el camino para su futuro en la m\u00fasica.<\/p>\n<p>Alexis gan\u00f3 experiencia actuando en ferias del condado, conciertos y clubes en todo el pa\u00eds, construyendo una reputaci\u00f3n gracias a su cautivadora voz y presencia esc\u00e9nica. Su gran oportunidad lleg\u00f3 en 2011 cuando firm\u00f3 con Carrillo Music bajo la direcci\u00f3n de Rod Carrillo. Su primer sencillo, Never Knew, junto a Liam Keegan, alcanz\u00f3 el puesto #1 en el United Kingdom y el #35 en la lista Billboard Dance de Estados Unidos.<\/p>\n<p>A partir de ah\u00ed, su carrera floreci\u00f3 con lanzamientos como solista, incluyendo I Need You (2013), Touch the Sky (2015) junto a Lee Dagger de Bimbo Jones, y Take a Ride (2016) con Izarr James. Colaborando con talentos internacionales como el DJ\/productor Leo Lippolis, lanz\u00f3 Paradise, y trabaj\u00f3 con el gran Peter Barona en Lead Me to the Dance Floor, y con Matt Fox en Bang Bang.<\/p>\n<p>En 2017, Alexis se uni\u00f3 a Salgado Music y en 2018 lanz\u00f3 Ride or Die junto a Izarr James, tema que alcanz\u00f3 el puesto #37 en el mainstream Billboard Top 40 Indicator Chart. Lanzamientos posteriores como Crazy (2018), Pega con J Marco (2019), y Paranoid (2020, producida por Gina Victoria), continuaron demostrando su versatilidad.<\/p>\n<p>En medio de los desaf\u00edos de la pandemia mundial, Alexis present\u00f3 Quarantine en 2020, una colaboraci\u00f3n con los ganadores del Grammy, KlubJumpers, recibiendo elogios generalizados. M\u00e1s recientemente, en 2024, lanz\u00f3 Confident, otro \u00e9xito con KlubJumpers que consolid\u00f3 a\u00fan m\u00e1s su presencia en la industria musical.<\/p>\n<p>\u00a1Noticias emocionantes! En 2025, Alexis Salgado se prepara para el lanzamiento de su m\u00e1s reciente sencillo, Pegaito, una colaboraci\u00f3n con The Singing Chef, Dennis Fernandez, y un poderoso elenco de ganadores del Grammy y artistas de las listas Billboard: Marlow Rosado, Alex Acu\u00f1a, Tony Succar, KlubJumpers, Ricardo Martinez y Reinier Bonachea. \u00a1Este lanzamiento promete causar sensaci\u00f3n!<\/p>\n<p>La trayectoria de Alexis Salgado es un testimonio de su pasi\u00f3n y dedicaci\u00f3n, que la convierte en una artista destacada en el mundo de la m\u00fasica dance, R&amp;B y pop.<\/p>\n<p>Nos escuchamos en la radio: \u201cGrupo Begaalfe Comunicaciones\u201d La Radio sin Fronteras, estamos transmitiendo el Programa de Radio, edici\u00f3n 37 de \u201cEstudio 43\u201d \u2013El Pensamiento y la Palabra- Nos leemos aqu\u00ed, la siguiente semana\u2026 Por hoy \u00a1Hasta Moxtla!<\/p>\n<p>&nbsp;<\/p>\n<p><em>Respetuosamente<\/em><\/p>\n<p><em>Lic. Gabriel Flores Hern\u00e1ndez.<\/em><\/p>\n","protected":false},"excerpt":{"rendered":"<p>Por: Gabriel Flores Hern\u00e1ndez. Huamantla en los \u201csanfermines\u201d de Espa\u00f1a\u2026La bonita ciudad de Pamplona, en Navarra, Espa\u00f1a, vive del 7 al 14 de julio sus famosos encierros de \u201cSanfermines 2025\u201d, en fiestas en honor a su Santo Patrono San Ferm\u00edn, que es llevado en procesi\u00f3n hasta el circuito de los encierros taurinos, en un altar [&hellip;]<\/p>\n","protected":false},"author":3,"featured_media":213284,"comment_status":"open","ping_status":"open","sticky":false,"template":"","format":"standard","meta":{"footnotes":""},"categories":[11],"tags":[79],"yst_prominent_words":[29995,28926,49011,28925,28918,7867,7869,26130],"class_list":["post-293192","post","type-post","status-publish","format-standard","has-post-thumbnail","hentry","category-vox","tag-vox"],"_links":{"self":[{"href":"https:\/\/sintesis.com.mx\/tlaxcala\/wp-json\/wp\/v2\/posts\/293192"}],"collection":[{"href":"https:\/\/sintesis.com.mx\/tlaxcala\/wp-json\/wp\/v2\/posts"}],"about":[{"href":"https:\/\/sintesis.com.mx\/tlaxcala\/wp-json\/wp\/v2\/types\/post"}],"author":[{"embeddable":true,"href":"https:\/\/sintesis.com.mx\/tlaxcala\/wp-json\/wp\/v2\/users\/3"}],"replies":[{"embeddable":true,"href":"https:\/\/sintesis.com.mx\/tlaxcala\/wp-json\/wp\/v2\/comments?post=293192"}],"version-history":[{"count":0,"href":"https:\/\/sintesis.com.mx\/tlaxcala\/wp-json\/wp\/v2\/posts\/293192\/revisions"}],"wp:featuredmedia":[{"embeddable":true,"href":"https:\/\/sintesis.com.mx\/tlaxcala\/wp-json\/wp\/v2\/media\/213284"}],"wp:attachment":[{"href":"https:\/\/sintesis.com.mx\/tlaxcala\/wp-json\/wp\/v2\/media?parent=293192"}],"wp:term":[{"taxonomy":"category","embeddable":true,"href":"https:\/\/sintesis.com.mx\/tlaxcala\/wp-json\/wp\/v2\/categories?post=293192"},{"taxonomy":"post_tag","embeddable":true,"href":"https:\/\/sintesis.com.mx\/tlaxcala\/wp-json\/wp\/v2\/tags?post=293192"},{"taxonomy":"yst_prominent_words","embeddable":true,"href":"https:\/\/sintesis.com.mx\/tlaxcala\/wp-json\/wp\/v2\/yst_prominent_words?post=293192"}],"curies":[{"name":"wp","href":"https:\/\/api.w.org\/{rel}","templated":true}]}}