{"id":293669,"date":"2025-07-15T14:12:11","date_gmt":"2025-07-15T20:12:11","guid":{"rendered":"https:\/\/sintesis.com.mx\/tlaxcala\/?p=293669"},"modified":"2025-07-15T14:12:11","modified_gmt":"2025-07-15T20:12:11","slug":"descalifica-coparmex-tlaxcala","status":"publish","type":"post","link":"https:\/\/sintesis.com.mx\/tlaxcala\/2025\/07\/15\/descalifica-coparmex-tlaxcala\/","title":{"rendered":"Descalifica Coparmex Tlaxcala actual del Congreso de la Uni\u00f3n"},"content":{"rendered":"<p>La Confederaci\u00f3n Patronal de la Rep\u00fablica Mexicana (Coparmex), expres\u00f3 su preocupaci\u00f3n ante el rumbo que toma el Congreso de la Uni\u00f3n en un proceso legislativo acelerado y sin di\u00e1logo, se aprobaron recientemente 16 reformas que alteran el equilibrio democr\u00e1tico, debilitan derechos fundamentales y ponen en riesgo la autonom\u00eda de instituciones clave para la vida p\u00fablica de M\u00e9xico.<\/p>\n<p><strong>Entre los cambios m\u00e1s alarmantes, de acuerdo con Coparmex, se encuentran:<\/strong><\/p>\n<ul>\n<li>La centralizaci\u00f3n del poder en materia de seguridad, subordinando a\u00fan m\u00e1s a la Guardia Nacional a la SEDENA y restando autonom\u00eda a las autoridades locales.<\/li>\n<li>La creaci\u00f3n de un sistema nacional de inteligencia sin controles ciudadanos ni judiciales, que abre la puerta a la vigilancia masiva y el uso pol\u00edtico de datos personales.<\/li>\n<li>La imposici\u00f3n de una CURP con biometr\u00eda como documento de identidad nacional, sin garant\u00edas s\u00f3lidas de protecci\u00f3n de datos ni claridad sobre su uso electoral.<\/li>\n<li>La eliminaci\u00f3n de organismos aut\u00f3nomos como el IFT, afectando la regulaci\u00f3n imparcial en sectores estrat\u00e9gicos como telecomunicaciones y radiodifusi\u00f3n.<\/li>\n<\/ul>\n<p>Integrantes de Coparmex en la entidad aseguraron que estas decisiones se tomaron sin escuchar a expertos, sin deliberaci\u00f3n p\u00fablica y sin apertura al di\u00e1logo con la sociedad civil ni con el sector productivo. Lo que vemos es una alarmante concentraci\u00f3n del poder en el Ejecutivo federal, debilitando los contrapesos que garantizan una democracia funcional.<\/p>\n<p>Por lo anterior, desde Coparmex Tlaxcala, como centro empresarial comprometido con la legalidad, la libertad y el desarrollo econ\u00f3mico con justicia social, \u201crechazamos la aprobaci\u00f3n de reformas al vapor y sin consenso ciudadano\u201d.<\/p>\n<p>Asimismo, su postura es en contra de la desaparici\u00f3n de \u00f3rganos aut\u00f3nomos, ya que no fortalece al Estado, lo debilita. Instituciones como el INAl, el IFT o el INE son pilares que garantizan transparencia, competencia, acceso a la informaci\u00f3n y equidad democr\u00e1tica. Su debilitamiento o eliminaci\u00f3n afecta a toda la sociedad, no s\u00f3lo a los sectores empresariales.<\/p>\n<p>Adem\u00e1s, en un contexto global donde la confianza y la certeza jur\u00eddica son fundamentales para atraer inversiones y generar empleo, este tipo de reformas incrementan el riesgo pa\u00eds, desincentivan la inversi\u00f3n y comprometen la competitividad de regiones como Tlaxcala, donde la mayor\u00eda de nuestras empresas son micro, peque\u00f1as y medianas, y ya enfrentan retos estructurales graves.<\/p>\n<blockquote class=\"td_quote_box td_box_center\"><p><span style=\"color: #0000ff;\">\u201cM\u00e9xico necesita equilibrios, no imposiciones seguiremos activos en la defensa de la democracia, los derechos ciudadanos y los contrapesos institucionales. Como organizaci\u00f3n, estamos convencidos de que sin instituciones s\u00f3lidas no hay desarrollo ni libertad\u201d.<\/span><\/p><\/blockquote>\n","protected":false},"excerpt":{"rendered":"<p>La Confederaci\u00f3n Patronal de la Rep\u00fablica Mexicana (Coparmex), expres\u00f3 su preocupaci\u00f3n ante el rumbo que toma el Congreso de la Uni\u00f3n en un proceso legislativo acelerado y sin di\u00e1logo, se aprobaron recientemente 16 reformas que alteran el equilibrio democr\u00e1tico, debilitan derechos fundamentales y ponen en riesgo la autonom\u00eda de instituciones clave para la vida p\u00fablica [&hellip;]<\/p>\n","protected":false},"author":5,"featured_media":287258,"comment_status":"open","ping_status":"open","sticky":false,"template":"","format":"standard","meta":{"footnotes":""},"categories":[59128,59120,53864,150],"tags":[6424,99,63542,2604,712,352,13,153,154,18601,157,6096],"yst_prominent_words":[9664,49024,9993,7518,8266,7804,16332,44445,43077,7657,7720,7685,7810,8263,10093,20335,8168,8341],"class_list":["post-293669","post","type-post","status-publish","format-standard","has-post-thumbnail","hentry","category-congreso","category-gobierno","category-legislativo","category-metropoli-tlaxcala","tag-congreso-de-la-union","tag-coparmex","tag-ilegalidades","tag-instituciones","tag-leyes","tag-slide","tag-slider","tag-tlaxcala","tag-tlaxesnoticia","tag-tlaxhoyesnoticia","tag-tlaxslide","tag-tlaxslider"],"_links":{"self":[{"href":"https:\/\/sintesis.com.mx\/tlaxcala\/wp-json\/wp\/v2\/posts\/293669"}],"collection":[{"href":"https:\/\/sintesis.com.mx\/tlaxcala\/wp-json\/wp\/v2\/posts"}],"about":[{"href":"https:\/\/sintesis.com.mx\/tlaxcala\/wp-json\/wp\/v2\/types\/post"}],"author":[{"embeddable":true,"href":"https:\/\/sintesis.com.mx\/tlaxcala\/wp-json\/wp\/v2\/users\/5"}],"replies":[{"embeddable":true,"href":"https:\/\/sintesis.com.mx\/tlaxcala\/wp-json\/wp\/v2\/comments?post=293669"}],"version-history":[{"count":1,"href":"https:\/\/sintesis.com.mx\/tlaxcala\/wp-json\/wp\/v2\/posts\/293669\/revisions"}],"predecessor-version":[{"id":293675,"href":"https:\/\/sintesis.com.mx\/tlaxcala\/wp-json\/wp\/v2\/posts\/293669\/revisions\/293675"}],"wp:featuredmedia":[{"embeddable":true,"href":"https:\/\/sintesis.com.mx\/tlaxcala\/wp-json\/wp\/v2\/media\/287258"}],"wp:attachment":[{"href":"https:\/\/sintesis.com.mx\/tlaxcala\/wp-json\/wp\/v2\/media?parent=293669"}],"wp:term":[{"taxonomy":"category","embeddable":true,"href":"https:\/\/sintesis.com.mx\/tlaxcala\/wp-json\/wp\/v2\/categories?post=293669"},{"taxonomy":"post_tag","embeddable":true,"href":"https:\/\/sintesis.com.mx\/tlaxcala\/wp-json\/wp\/v2\/tags?post=293669"},{"taxonomy":"yst_prominent_words","embeddable":true,"href":"https:\/\/sintesis.com.mx\/tlaxcala\/wp-json\/wp\/v2\/yst_prominent_words?post=293669"}],"curies":[{"name":"wp","href":"https:\/\/api.w.org\/{rel}","templated":true}]}}