{"id":296185,"date":"2025-08-13T08:24:16","date_gmt":"2025-08-13T14:24:16","guid":{"rendered":"https:\/\/sintesis.com.mx\/tlaxcala\/?p=296185"},"modified":"2025-08-13T08:24:16","modified_gmt":"2025-08-13T14:24:16","slug":"reforzar-sanidad-campo","status":"publish","type":"post","link":"https:\/\/sintesis.com.mx\/tlaxcala\/2025\/08\/13\/reforzar-sanidad-campo\/","title":{"rendered":"Acuerdan estados del centro del pa\u00eds reforzar sanidad del campo"},"content":{"rendered":"<h4><strong><em>En la IX Reuni\u00f3n de Trabajo de Movilizaci\u00f3n, regi\u00f3n centro, participan representantes de Guerrero, Hidalgo, Estado de M\u00e9xico, Morelos, Puebla, Michoac\u00e1n y Veracruz<\/em><\/strong><\/h4>\n<p>La Secretar\u00eda de Impulso Agropecuario (SIA), en coordinaci\u00f3n con el Servicio Nacional de Sanidad, Inocuidad y Calidad Agroalimentaria (SENASICA), inaugur\u00f3 la IX Reuni\u00f3n de Trabajo de Movilizaci\u00f3n, regi\u00f3n centro, que se lleva a cabo este 12 y 13 de agosto, en Huamantla.<\/p>\n<p>En representaci\u00f3n de la gobernadora Lorena Cu\u00e9llar Cisneros, el secretario de Gobierno, Luis Antonio Ram\u00edrez Hern\u00e1ndez, inaugur\u00f3 el encuentro, destacando la importancia de la coordinaci\u00f3n interestatal para fortalecer la prevenci\u00f3n y mejorar las condiciones del campo mexicano.<\/p>\n<p>\u201cEn materia agr\u00edcola y de sanidad no existen fronteras; si nos vemos como un solo pueblo, podremos garantizar beneficios y crecimiento para nuestras comunidades\u201d, afirm\u00f3 el funcionario, tras subrayar que M\u00e9xico es una potencia nacional en producci\u00f3n agropecuaria y servicios derivados del campo.<\/p>\n<p>Ram\u00edrez Hern\u00e1ndez reiter\u00f3 que, en Tlaxcala, el campo es un pilar de identidad, bienestar y garant\u00eda alimentaria, al tiempo de resaltar que el gobierno estatal ha hecho de la sanidad agropecuaria un tema prioritario, integrando acciones de inspecci\u00f3n, capacitaci\u00f3n, vigilancia epidemiol\u00f3gica y coordinaci\u00f3n con productores, transportistas y autoridades municipales.<\/p>\n<p>\u201cHemos consolidado un sistema de control sanitario que preserva un estatus ejemplar, reconocido a nivel nacional, que nos permite prevenir riesgos ante brotes registrados en otras regiones del pa\u00eds\u201d, indic\u00f3.<\/p>\n<p>En su mensaje, expres\u00f3 su deseo que los acuerdos alcanzados entre el Gobierno de M\u00e9xico y los estados de la regi\u00f3n centro se traduzcan en acciones efectivas para atender uno de los sectores m\u00e1s importantes del pa\u00eds.<\/p>\n<p>El titular de la SIA, Rafael de la Pe\u00f1a Bernal, dio la bienvenida a representantes de las \u00e1reas de movilizaci\u00f3n y sanidad fitozoosanitaria de Guerrero, Hidalgo, Estado de M\u00e9xico, Morelos, Puebla, Michoac\u00e1n y Veracruz.<\/p>\n<p>Las sesiones de trabajo servir\u00e1n para analizar temas como: el marco normativo en materia de sanidad y control de la movilizaci\u00f3n agropecuaria, la situaci\u00f3n actual del Gusano Barrenador del Ganado, las acciones implementadas por las entidades participantes y el seguimiento operativo.<\/p>\n","protected":false},"excerpt":{"rendered":"<p>En la IX Reuni\u00f3n de Trabajo de Movilizaci\u00f3n, regi\u00f3n centro, participan representantes de Guerrero, Hidalgo, Estado de M\u00e9xico, Morelos, Puebla, Michoac\u00e1n y Veracruz La Secretar\u00eda de Impulso Agropecuario (SIA), en coordinaci\u00f3n con el Servicio Nacional de Sanidad, Inocuidad y Calidad Agroalimentaria (SENASICA), inaugur\u00f3 la IX Reuni\u00f3n de Trabajo de Movilizaci\u00f3n, regi\u00f3n centro, que se lleva [&hellip;]<\/p>\n","protected":false},"author":3,"featured_media":296186,"comment_status":"open","ping_status":"open","sticky":false,"template":"","format":"standard","meta":{"footnotes":""},"categories":[59272,59293,59120,60775,150],"tags":[349,6427,17,352,13,61740,154,5073,18601,19446,157,5697,6096,24533],"yst_prominent_words":[29495,30037],"class_list":["post-296185","post","type-post","status-publish","format-standard","has-post-thumbnail","hentry","category-agricultura","category-agropecuario","category-gobierno","category-nacion","category-metropoli-tlaxcala","tag-es-noticia","tag-esnoticia","tag-hoyesnoticia","tag-slide","tag-slider","tag-sliderapp-tlaxcala","tag-tlaxesnoticia","tag-tlaxesnoticiaapp","tag-tlaxhoyesnoticia","tag-tlaxhoyesnoticiaapp","tag-tlaxslide","tag-tlaxslideapp","tag-tlaxslider","tag-tlaxsliderapp"],"_links":{"self":[{"href":"https:\/\/sintesis.com.mx\/tlaxcala\/wp-json\/wp\/v2\/posts\/296185"}],"collection":[{"href":"https:\/\/sintesis.com.mx\/tlaxcala\/wp-json\/wp\/v2\/posts"}],"about":[{"href":"https:\/\/sintesis.com.mx\/tlaxcala\/wp-json\/wp\/v2\/types\/post"}],"author":[{"embeddable":true,"href":"https:\/\/sintesis.com.mx\/tlaxcala\/wp-json\/wp\/v2\/users\/3"}],"replies":[{"embeddable":true,"href":"https:\/\/sintesis.com.mx\/tlaxcala\/wp-json\/wp\/v2\/comments?post=296185"}],"version-history":[{"count":0,"href":"https:\/\/sintesis.com.mx\/tlaxcala\/wp-json\/wp\/v2\/posts\/296185\/revisions"}],"wp:featuredmedia":[{"embeddable":true,"href":"https:\/\/sintesis.com.mx\/tlaxcala\/wp-json\/wp\/v2\/media\/296186"}],"wp:attachment":[{"href":"https:\/\/sintesis.com.mx\/tlaxcala\/wp-json\/wp\/v2\/media?parent=296185"}],"wp:term":[{"taxonomy":"category","embeddable":true,"href":"https:\/\/sintesis.com.mx\/tlaxcala\/wp-json\/wp\/v2\/categories?post=296185"},{"taxonomy":"post_tag","embeddable":true,"href":"https:\/\/sintesis.com.mx\/tlaxcala\/wp-json\/wp\/v2\/tags?post=296185"},{"taxonomy":"yst_prominent_words","embeddable":true,"href":"https:\/\/sintesis.com.mx\/tlaxcala\/wp-json\/wp\/v2\/yst_prominent_words?post=296185"}],"curies":[{"name":"wp","href":"https:\/\/api.w.org\/{rel}","templated":true}]}}